{"id":987521645,"date":"2025-06-27T13:14:12","date_gmt":"2025-06-27T11:14:12","guid":{"rendered":"https:\/\/www.savethedogs.eu\/?p=987521645"},"modified":"2025-06-27T13:14:21","modified_gmt":"2025-06-27T11:14:21","slug":"meni-catherine","status":"publish","type":"post","link":"https:\/\/www.savethedogs.eu\/en\/meni-catherine\/","title":{"rendered":"Meni and her fresh start with Catherine"},"content":{"rendered":"<p>[et_pb_section fb_built=&#8221;1&#8243; fullwidth=&#8221;on&#8221; _builder_version=&#8221;4.16&#8243; _module_preset=&#8221;default&#8221; da_disable_devices=&#8221;off|off|off&#8221; global_colors_info=&#8221;{}&#8221; theme_builder_area=&#8221;post_content&#8221; da_is_popup=&#8221;off&#8221; da_exit_intent=&#8221;off&#8221; da_has_close=&#8221;on&#8221; da_alt_close=&#8221;off&#8221; da_dark_close=&#8221;off&#8221; da_not_modal=&#8221;on&#8221; da_is_singular=&#8221;off&#8221; da_with_loader=&#8221;off&#8221; da_has_shadow=&#8221;on&#8221;][et_pb_fullwidth_header title=&#8221;Meni and her fresh start with Catherine&#8221; admin_label=&#8221;Intestazione a Larghezza Piena&#8221; _builder_version=&#8221;4.27.4&#8243; _module_preset=&#8221;default&#8221; hover_enabled=&#8221;0&#8243; global_colors_info=&#8221;{}&#8221; subhead__hover_enabled=&#8221;off|desktop&#8221; theme_builder_area=&#8221;post_content&#8221; sticky_enabled=&#8221;0&#8243;][\/et_pb_fullwidth_header][\/et_pb_section][et_pb_section fb_built=&#8221;1&#8243; _builder_version=&#8221;4.16&#8243; _module_preset=&#8221;default&#8221; da_disable_devices=&#8221;off|off|off&#8221; global_colors_info=&#8221;{}&#8221; theme_builder_area=&#8221;post_content&#8221; da_is_popup=&#8221;off&#8221; da_exit_intent=&#8221;off&#8221; da_has_close=&#8221;on&#8221; da_alt_close=&#8221;off&#8221; da_dark_close=&#8221;off&#8221; da_not_modal=&#8221;on&#8221; da_is_singular=&#8221;off&#8221; da_with_loader=&#8221;off&#8221; da_has_shadow=&#8221;on&#8221;][et_pb_row _builder_version=&#8221;4.22.2&#8243; _module_preset=&#8221;default&#8221; custom_padding=&#8221;||0px|||&#8221; global_colors_info=&#8221;{}&#8221; theme_builder_area=&#8221;post_content&#8221;][et_pb_column type=&#8221;4_4&#8243; _builder_version=&#8221;4.22.2&#8243; _module_preset=&#8221;default&#8221; global_colors_info=&#8221;{}&#8221; theme_builder_area=&#8221;post_content&#8221;][et_pb_text content_tablet=&#8221;%91caption id=%22attachment_69288%22 align=%22alignright%22 width=%22450%22%93<img class=%22wp-image-69288 size-medium%22 src=%22https:\/\/www.savethedogs.eu\/wp-content\/uploads\/2025\/06\/Meni.png%22 alt=%22Meni e Catherine%22 width=%22450%22 height=%22300%22 \/> Meni and Catherine%91\/caption%93<\/p>\n<p>Meni arrived with us in 2012, in the arms of a Romanian woman who had found her on the streets of Medgidia.\u00a0 It is likely that her family, having originally gotten her to entertain their children, had quickly grown tired of her and had abandoned the little dog.<\/p>\n<p>Medgidia is a small town 15 km from Cernavod\u0103, where <em>Save the Dogs<\/em> ran a sterilization and emergency care center for ten years. Thousands of animals were helped by this small facility, which unfortunately had to close in 2017 due to a severe shortage of veterinary staff and funding. However the center was still fully operational in 2012, and tiny, fearful Meni was immediately welcomed by the <em>Save the Dogs <\/em>team.<\/p>\n<p>Thanks to a Dutch association that was working with us at the time, <strong>Meni was spotted online by Catherine, a psychoanalyst from Brussels with an all-consuming love for dogs<\/strong>. The Belgian capital was easily accessible to Dutch volunteers, and after confirming Catherine\u2019s suitability as an adopter, Meni was flown to the Netherlands to join her new owner.<\/p>\n<p>Thirteen years have passed since that day, and the adoption has transformed the lives of both Meni and Catherine.<br \/>\n &#8221; content_phone=&#8221;%91caption id=%22attachment_69288%22 align=%22aligncenter%22 width=%22450%22%93<img class=%22wp-image-69288 size-medium%22 src=%22https:\/\/www.savethedogs.eu\/wp-content\/uploads\/2025\/06\/Meni.png%22 alt=%22Meni e Catherine%22 width=%22450%22 height=%22300%22 \/> Meni and Catherine%91\/caption%93<\/p>\n<p>Meni arrived with us in 2012, in the arms of a Romanian woman who had found her on the streets of Medgidia.\u00a0 It is likely that her family, having originally gotten her to entertain their children, had quickly grown tired of her and had abandoned the little dog.<\/p>\n<p>Medgidia is a small town 15 km from Cernavod\u0103, where <em>Save the Dogs<\/em> ran a sterilization and emergency care center for ten years. Thousands of animals were helped by this small facility, which unfortunately had to close in 2017 due to a severe shortage of veterinary staff and funding. However the center was still fully operational in 2012, and tiny, fearful Meni was immediately welcomed by the <em>Save the Dogs <\/em>team.<\/p>\n<p>Thanks to a Dutch association that was working with us at the time, <strong>Meni was spotted online by Catherine, a psychoanalyst from Brussels with an all-consuming love for dogs<\/strong>. The Belgian capital was easily accessible to Dutch volunteers, and after confirming Catherine\u2019s suitability as an adopter, Meni was flown to the Netherlands to join her new owner.<\/p>\n<p>Thirteen years have passed since that day, and the adoption has transformed the lives of both Meni and Catherine.&#8221; content_last_edited=&#8221;on|phone&#8221; disabled_on=&#8221;off|off|off&#8221; admin_label=&#8221;Testo&#8221; _builder_version=&#8221;4.27.4&#8243; _module_preset=&#8221;default&#8221; header_2_font_size=&#8221;24px&#8221; custom_margin=&#8221;||||false|false&#8221; hover_enabled=&#8221;0&#8243; global_colors_info=&#8221;{}&#8221; theme_builder_area=&#8221;post_content&#8221; sticky_enabled=&#8221;0&#8243;]<div id=\"attachment_69288\" style=\"width: 460px\" class=\"wp-caption alignright\"><img loading=\"lazy\" decoding=\"async\" aria-describedby=\"caption-attachment-69288\" class=\"wp-image-69288 size-medium\" src=\"https:\/\/www.savethedogs.eu\/wp-content\/uploads\/2025\/06\/Meni.png\" alt=\"Meni e Catherine\" width=\"450\" height=\"300\" \/><p id=\"caption-attachment-69288\" class=\"wp-caption-text\">Meni and Catherine<\/p><\/div><\/p>\n<p>Meni arrived with us in 2012, in the arms of a Romanian woman who had found her on the streets of Medgidia.\u00a0 It is likely that her family, having originally gotten her to entertain their children, had quickly grown tired of her and had abandoned the little dog.<\/p>\n<p>Medgidia is a small town 15 km from Cernavod\u0103, where <em>Save the Dogs<\/em> ran a sterilization and emergency care center for ten years. Thousands of animals were helped by this small facility, which unfortunately had to close in 2017 due to a severe shortage of veterinary staff and funding. However the center was still fully operational in 2012, and tiny, fearful Meni was immediately welcomed by the <em>Save the Dogs <\/em>team.<\/p>\n<p>Thanks to a Dutch association that was working with us at the time, <strong>Meni was spotted online by Catherine, a psychoanalyst from Brussels with an all-consuming love for dogs<\/strong>. The Belgian capital was easily accessible to Dutch volunteers, and after confirming Catherine\u2019s suitability as an adopter, Meni was flown to the Netherlands to join her new owner.<\/p>\n<p>Thirteen years have passed since that day, and the adoption has transformed the lives of both Meni and Catherine.<\/p>\n<p>\u200b[\/et_pb_text][\/et_pb_column][\/et_pb_row][et_pb_row _builder_version=&#8221;4.22.2&#8243; _module_preset=&#8221;default&#8221; custom_padding=&#8221;||0px|||&#8221; global_colors_info=&#8221;{}&#8221; theme_builder_area=&#8221;post_content&#8221;][et_pb_column type=&#8221;4_4&#8243; _builder_version=&#8221;4.22.2&#8243; _module_preset=&#8221;default&#8221; global_colors_info=&#8221;{}&#8221; theme_builder_area=&#8221;post_content&#8221;][et_pb_text content_tablet=&#8221;%91caption id=%22attachment_69288%22 align=%22alignright%22 width=%22450%22%93<img class=%22wp-image-69288 size-medium%22 src=%22https:\/\/www.savethedogs.eu\/wp-content\/uploads\/2025\/06\/Amelia-25.png%22 alt=%22Amelia%22 width=%22450%22 height=%22300%22 \/> Amelia%91\/caption%93<\/p>\n<p>Abbiamo trovato <strong>Amelia<\/strong> in un villaggio della campagna rumena, dove la povert\u00e0 \u00e8 ancora profonda e i cani vengono spesso tenuti a catena per tutta la vita. Era legata ad una catena sotto il sole cocente, visibilmente esausta, pelle e ossa. Accanto a lei, i suoi cuccioli nati da poco: gi\u00e0 infestati dai parassiti, senza riparo adeguato e cure.<br \/>\nSiamo intervenuti per portare cibo e acqua, ma Amelia era molto debilitata e abbiamo capito subito che dovevamo portarla via da l\u00ec. Era l\u2019unica possibilit\u00e0 per lei e per i suoi piccoli.<\/p>\n<p><strong>Da quel momento, \u00e8 cominciata la rinascita.<\/strong> Mentre si trovava ancora in catene, Amelia ha conosciuto una coppia italiana che seguiva da tempo il nostro lavoro; sono venuti fino in Romania per incontrarla. Si sono conosciuti e hanno scelto di aspettarla, mentre si riprendeva e si prendeva cura dei suoi piccoli. Mesi di pazienza, amore a distanza, fino al giorno in cui Amelia ha finalmente potuto viaggiare verso la sua nuova casa, poco fuori Milano.<\/p>\n<p><strong>Oggi Amelia \u00e8 libera e amata.<\/strong><\/p>\n<p>Corre nei prati, gioca, esplora il mondo con curiosit\u00e0 e vive circondata da amore e da altri amici a quattro zampe. Vederla cos\u00ec, piena di vita, fa sembrare un lontano ricordo i giorni passati alla catena.<br \/>\nIl suo legame con la nuova famiglia \u00e8 profondo, autentico. \u00c8 il tipo di amore che ci ricorda perch\u00e9 facciamo tutto questo: perch\u00e9 ogni animale  merita di conoscere la libert\u00e0, la gentilezza. Potersi esprimere.<br \/>\nOgni giorno ci imbattiamo in nuovi casi come quello di Amelia.<br \/>\nCani che hanno bisogno di essere curati, o accolti da una famiglia che li ami.<\/p>\n<p><strong>Con il tuo aiuto, possiamo continuare a scrivere storie a lieto fine.<\/strong> Sostienici oggi: insieme, possiamo cambiare il destino di tanti animali vulnerabili.<\/p>\n<p> &#8221; content_phone=&#8221;%91caption id=%22attachment_69288%22 align=%22aligncenter%22 width=%22450%22%93<img class=%22wp-image-69288 size-medium%22 src=%22https:\/\/www.savethedogs.eu\/wp-content\/uploads\/2025\/06\/Amelia-25.png%22 alt=%22Amelia%22 width=%22450%22 height=%22300%22 \/> Amelia%91\/caption%93<\/p>\n<p>Abbiamo trovato <strong>Amelia<\/strong> in un villaggio della campagna rumena, dove la povert\u00e0 \u00e8 ancora profonda e i cani vengono spesso tenuti a catena per tutta la vita. Era legata ad una catena sotto il sole cocente, visibilmente esausta, pelle e ossa. Accanto a lei, i suoi cuccioli nati da poco: gi\u00e0 infestati dai parassiti, senza riparo adeguato e cure.<br \/>\nSiamo intervenuti per portare cibo e acqua, ma Amelia era molto debilitata e abbiamo capito subito che dovevamo portarla via da l\u00ec. Era l\u2019unica possibilit\u00e0 per lei e per i suoi piccoli.<\/p>\n<p><strong>Da quel momento, \u00e8 cominciata la rinascita.<\/strong> Mentre si trovava ancora in catene, Amelia ha conosciuto una coppia italiana che seguiva da tempo il nostro lavoro; sono venuti fino in Romania per incontrarla. Si sono conosciuti e hanno scelto di aspettarla, mentre si riprendeva e si prendeva cura dei suoi piccoli. Mesi di pazienza, amore a distanza, fino al giorno in cui Amelia ha finalmente potuto viaggiare verso la sua nuova casa, poco fuori Milano.<\/p>\n<p><strong>Oggi Amelia \u00e8 libera e amata.<\/strong><\/p>\n<p>Corre nei prati, gioca, esplora il mondo con curiosit\u00e0 e vive circondata da amore e da altri amici a quattro zampe. Vederla cos\u00ec, piena di vita, fa sembrare un lontano ricordo i giorni passati alla catena.<br \/>\nIl suo legame con la nuova famiglia \u00e8 profondo, autentico. \u00c8 il tipo di amore che ci ricorda perch\u00e9 facciamo tutto questo: perch\u00e9 ogni animale  merita di conoscere la libert\u00e0, la gentilezza. Potersi esprimere.<br \/>\nOgni giorno ci imbattiamo in nuovi casi come quello di Amelia.<br \/>\nCani che hanno bisogno di essere curati, o accolti da una famiglia che li ami.<\/p>\n<p><strong>Con il tuo aiuto, possiamo continuare a scrivere storie a lieto fine.<\/strong> Sostienici oggi: insieme, possiamo cambiare il destino di tanti animali vulnerabili.<\/p>\n<p> &#8221; content_last_edited=&#8221;off|desktop&#8221; disabled_on=&#8221;on|off|off&#8221; admin_label=&#8221;Testo&#8221; _builder_version=&#8221;4.27.4&#8243; _module_preset=&#8221;default&#8221; header_2_font_size=&#8221;24px&#8221; custom_margin=&#8221;||||false|false&#8221; hover_enabled=&#8221;0&#8243; global_colors_info=&#8221;{}&#8221; theme_builder_area=&#8221;post_content&#8221; sticky_enabled=&#8221;0&#8243;]<\/p>\n<p><strong>Meni no longer wears the sad expression she had in her eyes<\/strong> during her time at the shelter in Medgidia; <strong>she has become the mascot of Forest Park<\/strong>, the neighborhood in Brussels near where she lives and where she enjoys their long daily walks. Catherine loves Meni as a daughter and has become a loyal and generous donor of <em>Save the Dogs<\/em>, offering her home to our President whenever she has needed to meet with members of the European Parliament and the European Commission. Moreover, Meni has helped raise awareness about the suffering of abandoned dogs in Romanian shelters, many of whom sadly do not live to tell the tale, encouraging large numbers to support our cause.<\/p>\n<p>Every adoption is a testament to unbounded generosity, bringing with it a wealth of blessings.<\/p>\n<p>[\/et_pb_text][et_pb_text disabled_on=&#8221;off|on|on&#8221; admin_label=&#8221;Foto Mobile&#8221; _builder_version=&#8221;4.27.4&#8243; _module_preset=&#8221;default&#8221; global_colors_info=&#8221;{}&#8221; theme_builder_area=&#8221;post_content&#8221;]<img loading=\"lazy\" decoding=\"async\" class=\"wp-image-69288 size-medium aligncenter\" src=\"https:\/\/www.savethedogs.eu\/wp-content\/uploads\/2025\/06\/Meni-gallery-1.png\" alt=\"Meni in casa\" width=\"450\" height=\"300\" \/>[\/et_pb_text][et_pb_text content_tablet=&#8221;%91caption id=%22attachment_69288%22 align=%22alignright%22 width=%22450%22%93<img class=%22wp-image-69288 size-medium%22 src=%22https:\/\/www.savethedogs.eu\/wp-content\/uploads\/2025\/06\/Amelia-25.png%22 alt=%22Amelia%22 width=%22450%22 height=%22300%22 \/> Amelia%91\/caption%93<\/p>\n<p>Abbiamo trovato <strong>Amelia<\/strong> in un villaggio della campagna rumena, dove la povert\u00e0 \u00e8 ancora profonda e i cani vengono spesso tenuti a catena per tutta la vita. Era legata ad una catena sotto il sole cocente, visibilmente esausta, pelle e ossa. Accanto a lei, i suoi cuccioli nati da poco: gi\u00e0 infestati dai parassiti, senza riparo adeguato e cure.<br \/>\nSiamo intervenuti per portare cibo e acqua, ma Amelia era molto debilitata e abbiamo capito subito che dovevamo portarla via da l\u00ec. Era l\u2019unica possibilit\u00e0 per lei e per i suoi piccoli.<\/p>\n<p><strong>Da quel momento, \u00e8 cominciata la rinascita.<\/strong> Mentre si trovava ancora in catene, Amelia ha conosciuto una coppia italiana che seguiva da tempo il nostro lavoro; sono venuti fino in Romania per incontrarla. Si sono conosciuti e hanno scelto di aspettarla, mentre si riprendeva e si prendeva cura dei suoi piccoli. Mesi di pazienza, amore a distanza, fino al giorno in cui Amelia ha finalmente potuto viaggiare verso la sua nuova casa, poco fuori Milano.<\/p>\n<p><strong>Oggi Amelia \u00e8 libera e amata.<\/strong><\/p>\n<p>Corre nei prati, gioca, esplora il mondo con curiosit\u00e0 e vive circondata da amore e da altri amici a quattro zampe. Vederla cos\u00ec, piena di vita, fa sembrare un lontano ricordo i giorni passati alla catena.<br \/>\nIl suo legame con la nuova famiglia \u00e8 profondo, autentico. \u00c8 il tipo di amore che ci ricorda perch\u00e9 facciamo tutto questo: perch\u00e9 ogni animale  merita di conoscere la libert\u00e0, la gentilezza. Potersi esprimere.<br \/>\nOgni giorno ci imbattiamo in nuovi casi come quello di Amelia.<br \/>\nCani che hanno bisogno di essere curati, o accolti da una famiglia che li ami.<\/p>\n<p><strong>Con il tuo aiuto, possiamo continuare a scrivere storie a lieto fine.<\/strong> Sostienici oggi: insieme, possiamo cambiare il destino di tanti animali vulnerabili.<\/p>\n<p> &#8221; content_phone=&#8221;%91caption id=%22attachment_69288%22 align=%22aligncenter%22 width=%22450%22%93<img class=%22wp-image-69288 size-medium%22 src=%22https:\/\/www.savethedogs.eu\/wp-content\/uploads\/2025\/06\/Amelia-25.png%22 alt=%22Amelia%22 width=%22450%22 height=%22300%22 \/> Amelia%91\/caption%93<\/p>\n<p>Abbiamo trovato <strong>Amelia<\/strong> in un villaggio della campagna rumena, dove la povert\u00e0 \u00e8 ancora profonda e i cani vengono spesso tenuti a catena per tutta la vita. Era legata ad una catena sotto il sole cocente, visibilmente esausta, pelle e ossa. Accanto a lei, i suoi cuccioli nati da poco: gi\u00e0 infestati dai parassiti, senza riparo adeguato e cure.<br \/>\nSiamo intervenuti per portare cibo e acqua, ma Amelia era molto debilitata e abbiamo capito subito che dovevamo portarla via da l\u00ec. Era l\u2019unica possibilit\u00e0 per lei e per i suoi piccoli.<\/p>\n<p><strong>Da quel momento, \u00e8 cominciata la rinascita.<\/strong> Mentre si trovava ancora in catene, Amelia ha conosciuto una coppia italiana che seguiva da tempo il nostro lavoro; sono venuti fino in Romania per incontrarla. Si sono conosciuti e hanno scelto di aspettarla, mentre si riprendeva e si prendeva cura dei suoi piccoli. Mesi di pazienza, amore a distanza, fino al giorno in cui Amelia ha finalmente potuto viaggiare verso la sua nuova casa, poco fuori Milano.<\/p>\n<p><strong>Oggi Amelia \u00e8 libera e amata.<\/strong><\/p>\n<p>Corre nei prati, gioca, esplora il mondo con curiosit\u00e0 e vive circondata da amore e da altri amici a quattro zampe. Vederla cos\u00ec, piena di vita, fa sembrare un lontano ricordo i giorni passati alla catena.<br \/>\nIl suo legame con la nuova famiglia \u00e8 profondo, autentico. \u00c8 il tipo di amore che ci ricorda perch\u00e9 facciamo tutto questo: perch\u00e9 ogni animale  merita di conoscere la libert\u00e0, la gentilezza. Potersi esprimere.<br \/>\nOgni giorno ci imbattiamo in nuovi casi come quello di Amelia.<br \/>\nCani che hanno bisogno di essere curati, o accolti da una famiglia che li ami.<\/p>\n<p><strong>Con il tuo aiuto, possiamo continuare a scrivere storie a lieto fine.<\/strong> Sostienici oggi: insieme, possiamo cambiare il destino di tanti animali vulnerabili.<\/p>\n<p> &#8221; content_last_edited=&#8221;off|desktop&#8221; disabled_on=&#8221;off|on|on&#8221; admin_label=&#8221;Testo Mobile&#8221; _builder_version=&#8221;4.27.4&#8243; _module_preset=&#8221;default&#8221; header_2_font_size=&#8221;24px&#8221; custom_margin=&#8221;||||false|false&#8221; hover_enabled=&#8221;0&#8243; global_colors_info=&#8221;{}&#8221; theme_builder_area=&#8221;post_content&#8221; sticky_enabled=&#8221;0&#8243;]<\/p>\n<p><strong>Meni no longer wears the sad expression she had in her eyes<\/strong> during her time at the shelter in Medgidia; <strong>she has become the mascot of Forest Park<\/strong>, the neighborhood in Brussels near where she lives and where she enjoys their long daily walks. Catherine loves Meni as a daughter and has become a loyal and generous donor of <em>Save the Dogs<\/em>, offering her home to our President whenever she has needed to meet with members of the European Parliament and the European Commission. Moreover, Meni has helped raise awareness about the suffering of abandoned dogs in Romanian shelters, many of whom sadly do not live to tell the tale, encouraging large numbers to support our cause.<\/p>\n<p>[\/et_pb_text][et_pb_text disabled_on=&#8221;off|on|on&#8221; admin_label=&#8221;Foto Mobile&#8221; _builder_version=&#8221;4.27.4&#8243; _module_preset=&#8221;default&#8221; global_colors_info=&#8221;{}&#8221; theme_builder_area=&#8221;post_content&#8221;]<\/p>\n<p><img loading=\"lazy\" decoding=\"async\" class=\"wp-image-69288 size-medium aligncenter\" src=\"https:\/\/www.savethedogs.eu\/wp-content\/uploads\/2025\/06\/Meni-gallery-2.png\" alt=\"Meni sguardo\" width=\"450\" height=\"300\" \/><\/p>\n<p>[\/et_pb_text][et_pb_text content_tablet=&#8221;%91caption id=%22attachment_69288%22 align=%22alignright%22 width=%22450%22%93<img class=%22wp-image-69288 size-medium%22 src=%22https:\/\/www.savethedogs.eu\/wp-content\/uploads\/2025\/06\/Amelia-25.png%22 alt=%22Amelia%22 width=%22450%22 height=%22300%22 \/> Amelia%91\/caption%93<\/p>\n<p>Abbiamo trovato <strong>Amelia<\/strong> in un villaggio della campagna rumena, dove la povert\u00e0 \u00e8 ancora profonda e i cani vengono spesso tenuti a catena per tutta la vita. Era legata ad una catena sotto il sole cocente, visibilmente esausta, pelle e ossa. Accanto a lei, i suoi cuccioli nati da poco: gi\u00e0 infestati dai parassiti, senza riparo adeguato e cure.<br \/>\nSiamo intervenuti per portare cibo e acqua, ma Amelia era molto debilitata e abbiamo capito subito che dovevamo portarla via da l\u00ec. Era l\u2019unica possibilit\u00e0 per lei e per i suoi piccoli.<\/p>\n<p><strong>Da quel momento, \u00e8 cominciata la rinascita.<\/strong> Mentre si trovava ancora in catene, Amelia ha conosciuto una coppia italiana che seguiva da tempo il nostro lavoro; sono venuti fino in Romania per incontrarla. Si sono conosciuti e hanno scelto di aspettarla, mentre si riprendeva e si prendeva cura dei suoi piccoli. Mesi di pazienza, amore a distanza, fino al giorno in cui Amelia ha finalmente potuto viaggiare verso la sua nuova casa, poco fuori Milano.<\/p>\n<p><strong>Oggi Amelia \u00e8 libera e amata.<\/strong><\/p>\n<p>Corre nei prati, gioca, esplora il mondo con curiosit\u00e0 e vive circondata da amore e da altri amici a quattro zampe. Vederla cos\u00ec, piena di vita, fa sembrare un lontano ricordo i giorni passati alla catena.<br \/>\nIl suo legame con la nuova famiglia \u00e8 profondo, autentico. \u00c8 il tipo di amore che ci ricorda perch\u00e9 facciamo tutto questo: perch\u00e9 ogni animale  merita di conoscere la libert\u00e0, la gentilezza. Potersi esprimere.<br \/>\nOgni giorno ci imbattiamo in nuovi casi come quello di Amelia.<br \/>\nCani che hanno bisogno di essere curati, o accolti da una famiglia che li ami.<\/p>\n<p><strong>Con il tuo aiuto, possiamo continuare a scrivere storie a lieto fine.<\/strong> Sostienici oggi: insieme, possiamo cambiare il destino di tanti animali vulnerabili.<\/p>\n<p> &#8221; content_phone=&#8221;%91caption id=%22attachment_69288%22 align=%22aligncenter%22 width=%22450%22%93<img class=%22wp-image-69288 size-medium%22 src=%22https:\/\/www.savethedogs.eu\/wp-content\/uploads\/2025\/06\/Amelia-25.png%22 alt=%22Amelia%22 width=%22450%22 height=%22300%22 \/> Amelia%91\/caption%93<\/p>\n<p>Abbiamo trovato <strong>Amelia<\/strong> in un villaggio della campagna rumena, dove la povert\u00e0 \u00e8 ancora profonda e i cani vengono spesso tenuti a catena per tutta la vita. Era legata ad una catena sotto il sole cocente, visibilmente esausta, pelle e ossa. Accanto a lei, i suoi cuccioli nati da poco: gi\u00e0 infestati dai parassiti, senza riparo adeguato e cure.<br \/>\nSiamo intervenuti per portare cibo e acqua, ma Amelia era molto debilitata e abbiamo capito subito che dovevamo portarla via da l\u00ec. Era l\u2019unica possibilit\u00e0 per lei e per i suoi piccoli.<\/p>\n<p><strong>Da quel momento, \u00e8 cominciata la rinascita.<\/strong> Mentre si trovava ancora in catene, Amelia ha conosciuto una coppia italiana che seguiva da tempo il nostro lavoro; sono venuti fino in Romania per incontrarla. Si sono conosciuti e hanno scelto di aspettarla, mentre si riprendeva e si prendeva cura dei suoi piccoli. Mesi di pazienza, amore a distanza, fino al giorno in cui Amelia ha finalmente potuto viaggiare verso la sua nuova casa, poco fuori Milano.<\/p>\n<p><strong>Oggi Amelia \u00e8 libera e amata.<\/strong><\/p>\n<p>Corre nei prati, gioca, esplora il mondo con curiosit\u00e0 e vive circondata da amore e da altri amici a quattro zampe. Vederla cos\u00ec, piena di vita, fa sembrare un lontano ricordo i giorni passati alla catena.<br \/>\nIl suo legame con la nuova famiglia \u00e8 profondo, autentico. \u00c8 il tipo di amore che ci ricorda perch\u00e9 facciamo tutto questo: perch\u00e9 ogni animale  merita di conoscere la libert\u00e0, la gentilezza. Potersi esprimere.<br \/>\nOgni giorno ci imbattiamo in nuovi casi come quello di Amelia.<br \/>\nCani che hanno bisogno di essere curati, o accolti da una famiglia che li ami.<\/p>\n<p><strong>Con il tuo aiuto, possiamo continuare a scrivere storie a lieto fine.<\/strong> Sostienici oggi: insieme, possiamo cambiare il destino di tanti animali vulnerabili.<\/p>\n<p> &#8221; content_last_edited=&#8221;off|desktop&#8221; disabled_on=&#8221;off|on|on&#8221; admin_label=&#8221;Testo Mobile&#8221; _builder_version=&#8221;4.27.4&#8243; _module_preset=&#8221;default&#8221; header_2_font_size=&#8221;24px&#8221; custom_margin=&#8221;||||false|false&#8221; hover_enabled=&#8221;0&#8243; global_colors_info=&#8221;{}&#8221; theme_builder_area=&#8221;post_content&#8221; sticky_enabled=&#8221;0&#8243;]<\/p>\n<p>Every adoption is a testament to unbounded generosity, bringing with it a wealth of blessings.<\/p>\n<p>[\/et_pb_text][\/et_pb_column][\/et_pb_row][et_pb_row column_structure=&#8221;1_3,1_3,1_3&#8243; disabled_on=&#8221;on|off|off&#8221; _builder_version=&#8221;4.27.4&#8243; _module_preset=&#8221;default&#8221; global_colors_info=&#8221;{}&#8221; theme_builder_area=&#8221;post_content&#8221;][et_pb_column type=&#8221;1_3&#8243; _builder_version=&#8221;4.27.4&#8243; _module_preset=&#8221;default&#8221; global_colors_info=&#8221;{}&#8221; theme_builder_area=&#8221;post_content&#8221;][et_pb_text _builder_version=&#8221;4.27.4&#8243; _module_preset=&#8221;default&#8221; global_colors_info=&#8221;{}&#8221; theme_builder_area=&#8221;post_content&#8221;]<img loading=\"lazy\" decoding=\"async\" class=\"wp-image-69288 size-medium aligncenter\" src=\"https:\/\/www.savethedogs.eu\/wp-content\/uploads\/2025\/06\/Meni-gallery-1.png\" alt=\"Meni in casa\" width=\"450\" height=\"300\" \/>[\/et_pb_text][\/et_pb_column][et_pb_column type=&#8221;1_3&#8243; _builder_version=&#8221;4.27.4&#8243; _module_preset=&#8221;default&#8221; global_colors_info=&#8221;{}&#8221; theme_builder_area=&#8221;post_content&#8221;][et_pb_text _builder_version=&#8221;4.27.4&#8243; _module_preset=&#8221;default&#8221; global_colors_info=&#8221;{}&#8221; theme_builder_area=&#8221;post_content&#8221;]<img loading=\"lazy\" decoding=\"async\" class=\"wp-image-69288 size-medium\" src=\"https:\/\/www.savethedogs.eu\/wp-content\/uploads\/2025\/06\/Meni-gallery-3.png\" alt=\"Meni al mare\" width=\"450\" height=\"300\" \/>[\/et_pb_text][\/et_pb_column][et_pb_column type=&#8221;1_3&#8243; _builder_version=&#8221;4.27.4&#8243; _module_preset=&#8221;default&#8221; global_colors_info=&#8221;{}&#8221; theme_builder_area=&#8221;post_content&#8221;][et_pb_text _builder_version=&#8221;4.27.4&#8243; _module_preset=&#8221;default&#8221; global_colors_info=&#8221;{}&#8221; theme_builder_area=&#8221;post_content&#8221;]<img loading=\"lazy\" decoding=\"async\" class=\"wp-image-69288 size-medium\" src=\"https:\/\/www.savethedogs.eu\/wp-content\/uploads\/2025\/06\/Meni-gallery-2.png\" alt=\"Meni sguardo\" width=\"450\" height=\"300\" \/>[\/et_pb_text][\/et_pb_column][\/et_pb_row][et_pb_row _builder_version=&#8221;4.22.2&#8243; _module_preset=&#8221;default&#8221; custom_padding=&#8221;||0px|||&#8221; global_colors_info=&#8221;{}&#8221; theme_builder_area=&#8221;post_content&#8221;][et_pb_column type=&#8221;4_4&#8243; _builder_version=&#8221;4.22.2&#8243; _module_preset=&#8221;default&#8221; global_colors_info=&#8221;{}&#8221; theme_builder_area=&#8221;post_content&#8221;][dssb_sharing_buttons btn_padding=&#8221;||||true|false&#8221; use_global_sharing=&#8221;on&#8221; global_sharing_image=&#8221;custom_image&#8221; global_custom_image=&#8221;https:\/\/www.savethedogs.eu\/wp-content\/uploads\/2025\/06\/Meni-Giugno-2025.png&#8221; columns_tablet=&#8221;&#8221; columns_phone=&#8221;1&#8243; columns_last_edited=&#8221;on|phone&#8221; disabled_on=&#8221;off|off|off&#8221; _builder_version=&#8221;4.27.4&#8243; _module_preset=&#8221;default&#8221; custom_margin=&#8221;6vh||6vh||true|false&#8221; hover_enabled=&#8221;0&#8243; global_colors_info=&#8221;{}&#8221; theme_builder_area=&#8221;post_content&#8221; sticky_enabled=&#8221;0&#8243;][dssb_sharing_button social_network=&#8221;whatsapp&#8221; sharing_title=&#8221;custom_title&#8221; network_custom_title=&#8221;Leggi l&#8217;articolo&#8221; button_text=&#8221;Condividi su WhatsApp&#8221; _builder_version=&#8221;4.22.2&#8243; _module_preset=&#8221;default&#8221; global_colors_info=&#8221;{}&#8221; theme_builder_area=&#8221;post_content&#8221;][\/dssb_sharing_button][dssb_sharing_button button_text=&#8221;Condividi su Facebook&#8221; _builder_version=&#8221;4.22.2&#8243; _module_preset=&#8221;default&#8221; global_colors_info=&#8221;{}&#8221; theme_builder_area=&#8221;post_content&#8221;][\/dssb_sharing_button][dssb_sharing_button social_network=&#8221;linkedin&#8221; button_text=&#8221;Condividi su LinkedIn&#8221; _builder_version=&#8221;4.22.2&#8243; _module_preset=&#8221;default&#8221; global_colors_info=&#8221;{}&#8221; theme_builder_area=&#8221;post_content&#8221;][\/dssb_sharing_button][dssb_sharing_button social_network=&#8221;twitter&#8221; button_text=&#8221;Condividi su X&#8221; _builder_version=&#8221;4.22.2&#8243; _module_preset=&#8221;default&#8221; global_colors_info=&#8221;{}&#8221; theme_builder_area=&#8221;post_content&#8221;][\/dssb_sharing_button][\/dssb_sharing_buttons][\/et_pb_column][\/et_pb_row][\/et_pb_section]<\/p>\n","protected":false},"excerpt":{"rendered":"<p>Meni no longer wears the sad expression she had in her eyes in Medgidia; she has become the mascot of Forest Park in Brussels&#8230;<\/p>\n","protected":false},"author":57,"featured_media":987521582,"comment_status":"open","ping_status":"open","sticky":false,"template":"","format":"standard","meta":{"_et_pb_use_builder":"on","_et_pb_old_content":"","_et_gb_content_width":"","footnotes":""},"categories":[100],"tags":[],"class_list":["post-987521645","post","type-post","status-publish","format-standard","has-post-thumbnail","hentry","category-news-en-2"],"yoast_head":"<!-- This site is optimized with the Yoast SEO plugin v27.5 - https:\/\/yoast.com\/product\/yoast-seo-wordpress\/ -->\n<title>Meni and her fresh start with Catherine<\/title>\n<meta name=\"description\" content=\"Meni no longer wears the sad expression she had in her eyes in Medgidia; she has become the mascot of Forest Park in Brussels...\" \/>\n<meta name=\"robots\" content=\"index, follow, max-snippet:-1, max-image-preview:large, max-video-preview:-1\" \/>\n<link rel=\"canonical\" href=\"https:\/\/www.savethedogs.eu\/en\/meni-catherine\/\" \/>\n<meta property=\"og:locale\" content=\"en_US\" \/>\n<meta property=\"og:type\" content=\"article\" \/>\n<meta property=\"og:title\" content=\"Meni and her fresh start with Catherine\" \/>\n<meta property=\"og:description\" content=\"Meni no longer wears the sad expression she had in her eyes in Medgidia; she has become the mascot of Forest Park in Brussels...\" \/>\n<meta property=\"og:url\" content=\"https:\/\/www.savethedogs.eu\/en\/meni-catherine\/\" \/>\n<meta property=\"og:site_name\" content=\"Save the Dogs and other Animals ETS\" \/>\n<meta property=\"article:publisher\" content=\"https:\/\/www.facebook.com\/SavetheDogsSTD?ref=bookmarks\" \/>\n<meta property=\"article:published_time\" content=\"2025-06-27T11:14:12+00:00\" \/>\n<meta property=\"article:modified_time\" content=\"2025-06-27T11:14:21+00:00\" \/>\n<meta property=\"og:image\" content=\"https:\/\/www.savethedogs.eu\/wp-content\/uploads\/2025\/06\/Meni-Giugno-2025.png\" \/>\n\t<meta property=\"og:image:width\" content=\"300\" \/>\n\t<meta property=\"og:image:height\" content=\"200\" \/>\n\t<meta property=\"og:image:type\" content=\"image\/png\" \/>\n<meta name=\"author\" content=\"Paolo Boassa\" \/>\n<meta name=\"twitter:card\" content=\"summary_large_image\" \/>\n<meta name=\"twitter:creator\" content=\"@SavetheDogsSTD\" \/>\n<meta name=\"twitter:site\" content=\"@SavetheDogsSTD\" \/>\n<meta name=\"twitter:label1\" content=\"Written by\" \/>\n\t<meta name=\"twitter:data1\" content=\"Paolo Boassa\" \/>\n\t<meta name=\"twitter:label2\" content=\"Est. reading time\" \/>\n\t<meta name=\"twitter:data2\" content=\"8 minutes\" \/>\n<script type=\"application\/ld+json\" class=\"yoast-schema-graph\">{\"@context\":\"https:\\\/\\\/schema.org\",\"@graph\":[{\"@type\":\"Article\",\"@id\":\"https:\\\/\\\/www.savethedogs.eu\\\/en\\\/meni-catherine\\\/#article\",\"isPartOf\":{\"@id\":\"https:\\\/\\\/www.savethedogs.eu\\\/en\\\/meni-catherine\\\/\"},\"author\":{\"name\":\"Paolo Boassa\",\"@id\":\"https:\\\/\\\/www.savethedogs.eu\\\/#\\\/schema\\\/person\\\/092403593f85ebb39af1bf663c143884\"},\"headline\":\"Meni and her fresh start with Catherine\",\"datePublished\":\"2025-06-27T11:14:12+00:00\",\"dateModified\":\"2025-06-27T11:14:21+00:00\",\"mainEntityOfPage\":{\"@id\":\"https:\\\/\\\/www.savethedogs.eu\\\/en\\\/meni-catherine\\\/\"},\"wordCount\":3519,\"commentCount\":0,\"image\":{\"@id\":\"https:\\\/\\\/www.savethedogs.eu\\\/en\\\/meni-catherine\\\/#primaryimage\"},\"thumbnailUrl\":\"https:\\\/\\\/www.savethedogs.eu\\\/wp-content\\\/uploads\\\/2025\\\/06\\\/Meni-Giugno-2025.png\",\"articleSection\":[\"News\"],\"inLanguage\":\"en-US\",\"potentialAction\":[{\"@type\":\"CommentAction\",\"name\":\"Comment\",\"target\":[\"https:\\\/\\\/www.savethedogs.eu\\\/en\\\/meni-catherine\\\/#respond\"]}]},{\"@type\":\"WebPage\",\"@id\":\"https:\\\/\\\/www.savethedogs.eu\\\/en\\\/meni-catherine\\\/\",\"url\":\"https:\\\/\\\/www.savethedogs.eu\\\/en\\\/meni-catherine\\\/\",\"name\":\"Meni and her fresh start with Catherine\",\"isPartOf\":{\"@id\":\"https:\\\/\\\/www.savethedogs.eu\\\/#website\"},\"primaryImageOfPage\":{\"@id\":\"https:\\\/\\\/www.savethedogs.eu\\\/en\\\/meni-catherine\\\/#primaryimage\"},\"image\":{\"@id\":\"https:\\\/\\\/www.savethedogs.eu\\\/en\\\/meni-catherine\\\/#primaryimage\"},\"thumbnailUrl\":\"https:\\\/\\\/www.savethedogs.eu\\\/wp-content\\\/uploads\\\/2025\\\/06\\\/Meni-Giugno-2025.png\",\"datePublished\":\"2025-06-27T11:14:12+00:00\",\"dateModified\":\"2025-06-27T11:14:21+00:00\",\"author\":{\"@id\":\"https:\\\/\\\/www.savethedogs.eu\\\/#\\\/schema\\\/person\\\/092403593f85ebb39af1bf663c143884\"},\"description\":\"Meni no longer wears the sad expression she had in her eyes in Medgidia; she has become the mascot of Forest Park in Brussels...\",\"breadcrumb\":{\"@id\":\"https:\\\/\\\/www.savethedogs.eu\\\/en\\\/meni-catherine\\\/#breadcrumb\"},\"inLanguage\":\"en-US\",\"potentialAction\":[{\"@type\":\"ReadAction\",\"target\":[\"https:\\\/\\\/www.savethedogs.eu\\\/en\\\/meni-catherine\\\/\"]}]},{\"@type\":\"ImageObject\",\"inLanguage\":\"en-US\",\"@id\":\"https:\\\/\\\/www.savethedogs.eu\\\/en\\\/meni-catherine\\\/#primaryimage\",\"url\":\"https:\\\/\\\/www.savethedogs.eu\\\/wp-content\\\/uploads\\\/2025\\\/06\\\/Meni-Giugno-2025.png\",\"contentUrl\":\"https:\\\/\\\/www.savethedogs.eu\\\/wp-content\\\/uploads\\\/2025\\\/06\\\/Meni-Giugno-2025.png\",\"width\":300,\"height\":200},{\"@type\":\"BreadcrumbList\",\"@id\":\"https:\\\/\\\/www.savethedogs.eu\\\/en\\\/meni-catherine\\\/#breadcrumb\",\"itemListElement\":[{\"@type\":\"ListItem\",\"position\":1,\"name\":\"Home\",\"item\":\"https:\\\/\\\/www.savethedogs.eu\\\/en\\\/\"},{\"@type\":\"ListItem\",\"position\":2,\"name\":\"Meni and her fresh start with Catherine\"}]},{\"@type\":\"WebSite\",\"@id\":\"https:\\\/\\\/www.savethedogs.eu\\\/#website\",\"url\":\"https:\\\/\\\/www.savethedogs.eu\\\/\",\"name\":\"Save the Dogs and other Animals ETS\",\"description\":\"Save the Dogs ha come mission la prevenzione del randagismo e del sovrappopolamento canino e felino attraverso la sterilizzazione e la salvaguardia degli animali da compagnia.\",\"potentialAction\":[{\"@type\":\"SearchAction\",\"target\":{\"@type\":\"EntryPoint\",\"urlTemplate\":\"https:\\\/\\\/www.savethedogs.eu\\\/?s={search_term_string}\"},\"query-input\":{\"@type\":\"PropertyValueSpecification\",\"valueRequired\":true,\"valueName\":\"search_term_string\"}}],\"inLanguage\":\"en-US\"},{\"@type\":\"Person\",\"@id\":\"https:\\\/\\\/www.savethedogs.eu\\\/#\\\/schema\\\/person\\\/092403593f85ebb39af1bf663c143884\",\"name\":\"Paolo Boassa\",\"image\":{\"@type\":\"ImageObject\",\"inLanguage\":\"en-US\",\"@id\":\"https:\\\/\\\/secure.gravatar.com\\\/avatar\\\/2a9f3685a28ed3f04d59adef96dbf7917f99107fca0bfcad33d300088db6a1b6?s=96&d=mm&r=g\",\"url\":\"https:\\\/\\\/secure.gravatar.com\\\/avatar\\\/2a9f3685a28ed3f04d59adef96dbf7917f99107fca0bfcad33d300088db6a1b6?s=96&d=mm&r=g\",\"contentUrl\":\"https:\\\/\\\/secure.gravatar.com\\\/avatar\\\/2a9f3685a28ed3f04d59adef96dbf7917f99107fca0bfcad33d300088db6a1b6?s=96&d=mm&r=g\",\"caption\":\"Paolo Boassa\"},\"url\":\"https:\\\/\\\/www.savethedogs.eu\\\/en\\\/author\\\/paolo-boassa\\\/\"}]}<\/script>\n<!-- \/ Yoast SEO plugin. -->","yoast_head_json":{"title":"Meni and her fresh start with Catherine","description":"Meni no longer wears the sad expression she had in her eyes in Medgidia; she has become the mascot of Forest Park in Brussels...","robots":{"index":"index","follow":"follow","max-snippet":"max-snippet:-1","max-image-preview":"max-image-preview:large","max-video-preview":"max-video-preview:-1"},"canonical":"https:\/\/www.savethedogs.eu\/en\/meni-catherine\/","og_locale":"en_US","og_type":"article","og_title":"Meni and her fresh start with Catherine","og_description":"Meni no longer wears the sad expression she had in her eyes in Medgidia; she has become the mascot of Forest Park in Brussels...","og_url":"https:\/\/www.savethedogs.eu\/en\/meni-catherine\/","og_site_name":"Save the Dogs and other Animals ETS","article_publisher":"https:\/\/www.facebook.com\/SavetheDogsSTD?ref=bookmarks","article_published_time":"2025-06-27T11:14:12+00:00","article_modified_time":"2025-06-27T11:14:21+00:00","og_image":[{"width":300,"height":200,"url":"https:\/\/www.savethedogs.eu\/wp-content\/uploads\/2025\/06\/Meni-Giugno-2025.png","type":"image\/png"}],"author":"Paolo Boassa","twitter_card":"summary_large_image","twitter_creator":"@SavetheDogsSTD","twitter_site":"@SavetheDogsSTD","twitter_misc":{"Written by":"Paolo Boassa","Est. reading time":"8 minutes"},"schema":{"@context":"https:\/\/schema.org","@graph":[{"@type":"Article","@id":"https:\/\/www.savethedogs.eu\/en\/meni-catherine\/#article","isPartOf":{"@id":"https:\/\/www.savethedogs.eu\/en\/meni-catherine\/"},"author":{"name":"Paolo Boassa","@id":"https:\/\/www.savethedogs.eu\/#\/schema\/person\/092403593f85ebb39af1bf663c143884"},"headline":"Meni and her fresh start with Catherine","datePublished":"2025-06-27T11:14:12+00:00","dateModified":"2025-06-27T11:14:21+00:00","mainEntityOfPage":{"@id":"https:\/\/www.savethedogs.eu\/en\/meni-catherine\/"},"wordCount":3519,"commentCount":0,"image":{"@id":"https:\/\/www.savethedogs.eu\/en\/meni-catherine\/#primaryimage"},"thumbnailUrl":"https:\/\/www.savethedogs.eu\/wp-content\/uploads\/2025\/06\/Meni-Giugno-2025.png","articleSection":["News"],"inLanguage":"en-US","potentialAction":[{"@type":"CommentAction","name":"Comment","target":["https:\/\/www.savethedogs.eu\/en\/meni-catherine\/#respond"]}]},{"@type":"WebPage","@id":"https:\/\/www.savethedogs.eu\/en\/meni-catherine\/","url":"https:\/\/www.savethedogs.eu\/en\/meni-catherine\/","name":"Meni and her fresh start with Catherine","isPartOf":{"@id":"https:\/\/www.savethedogs.eu\/#website"},"primaryImageOfPage":{"@id":"https:\/\/www.savethedogs.eu\/en\/meni-catherine\/#primaryimage"},"image":{"@id":"https:\/\/www.savethedogs.eu\/en\/meni-catherine\/#primaryimage"},"thumbnailUrl":"https:\/\/www.savethedogs.eu\/wp-content\/uploads\/2025\/06\/Meni-Giugno-2025.png","datePublished":"2025-06-27T11:14:12+00:00","dateModified":"2025-06-27T11:14:21+00:00","author":{"@id":"https:\/\/www.savethedogs.eu\/#\/schema\/person\/092403593f85ebb39af1bf663c143884"},"description":"Meni no longer wears the sad expression she had in her eyes in Medgidia; she has become the mascot of Forest Park in Brussels...","breadcrumb":{"@id":"https:\/\/www.savethedogs.eu\/en\/meni-catherine\/#breadcrumb"},"inLanguage":"en-US","potentialAction":[{"@type":"ReadAction","target":["https:\/\/www.savethedogs.eu\/en\/meni-catherine\/"]}]},{"@type":"ImageObject","inLanguage":"en-US","@id":"https:\/\/www.savethedogs.eu\/en\/meni-catherine\/#primaryimage","url":"https:\/\/www.savethedogs.eu\/wp-content\/uploads\/2025\/06\/Meni-Giugno-2025.png","contentUrl":"https:\/\/www.savethedogs.eu\/wp-content\/uploads\/2025\/06\/Meni-Giugno-2025.png","width":300,"height":200},{"@type":"BreadcrumbList","@id":"https:\/\/www.savethedogs.eu\/en\/meni-catherine\/#breadcrumb","itemListElement":[{"@type":"ListItem","position":1,"name":"Home","item":"https:\/\/www.savethedogs.eu\/en\/"},{"@type":"ListItem","position":2,"name":"Meni and her fresh start with Catherine"}]},{"@type":"WebSite","@id":"https:\/\/www.savethedogs.eu\/#website","url":"https:\/\/www.savethedogs.eu\/","name":"Save the Dogs and other Animals ETS","description":"Save the Dogs ha come mission la prevenzione del randagismo e del sovrappopolamento canino e felino attraverso la sterilizzazione e la salvaguardia degli animali da compagnia.","potentialAction":[{"@type":"SearchAction","target":{"@type":"EntryPoint","urlTemplate":"https:\/\/www.savethedogs.eu\/?s={search_term_string}"},"query-input":{"@type":"PropertyValueSpecification","valueRequired":true,"valueName":"search_term_string"}}],"inLanguage":"en-US"},{"@type":"Person","@id":"https:\/\/www.savethedogs.eu\/#\/schema\/person\/092403593f85ebb39af1bf663c143884","name":"Paolo Boassa","image":{"@type":"ImageObject","inLanguage":"en-US","@id":"https:\/\/secure.gravatar.com\/avatar\/2a9f3685a28ed3f04d59adef96dbf7917f99107fca0bfcad33d300088db6a1b6?s=96&d=mm&r=g","url":"https:\/\/secure.gravatar.com\/avatar\/2a9f3685a28ed3f04d59adef96dbf7917f99107fca0bfcad33d300088db6a1b6?s=96&d=mm&r=g","contentUrl":"https:\/\/secure.gravatar.com\/avatar\/2a9f3685a28ed3f04d59adef96dbf7917f99107fca0bfcad33d300088db6a1b6?s=96&d=mm&r=g","caption":"Paolo Boassa"},"url":"https:\/\/www.savethedogs.eu\/en\/author\/paolo-boassa\/"}]}},"_links":{"self":[{"href":"https:\/\/www.savethedogs.eu\/en\/wp-json\/wp\/v2\/posts\/987521645","targetHints":{"allow":["GET"]}}],"collection":[{"href":"https:\/\/www.savethedogs.eu\/en\/wp-json\/wp\/v2\/posts"}],"about":[{"href":"https:\/\/www.savethedogs.eu\/en\/wp-json\/wp\/v2\/types\/post"}],"author":[{"embeddable":true,"href":"https:\/\/www.savethedogs.eu\/en\/wp-json\/wp\/v2\/users\/57"}],"replies":[{"embeddable":true,"href":"https:\/\/www.savethedogs.eu\/en\/wp-json\/wp\/v2\/comments?post=987521645"}],"version-history":[{"count":3,"href":"https:\/\/www.savethedogs.eu\/en\/wp-json\/wp\/v2\/posts\/987521645\/revisions"}],"predecessor-version":[{"id":987521668,"href":"https:\/\/www.savethedogs.eu\/en\/wp-json\/wp\/v2\/posts\/987521645\/revisions\/987521668"}],"wp:featuredmedia":[{"embeddable":true,"href":"https:\/\/www.savethedogs.eu\/en\/wp-json\/wp\/v2\/media\/987521582"}],"wp:attachment":[{"href":"https:\/\/www.savethedogs.eu\/en\/wp-json\/wp\/v2\/media?parent=987521645"}],"wp:term":[{"taxonomy":"category","embeddable":true,"href":"https:\/\/www.savethedogs.eu\/en\/wp-json\/wp\/v2\/categories?post=987521645"},{"taxonomy":"post_tag","embeddable":true,"href":"https:\/\/www.savethedogs.eu\/en\/wp-json\/wp\/v2\/tags?post=987521645"}],"curies":[{"name":"wp","href":"https:\/\/api.w.org\/{rel}","templated":true}]}}