{"id":987521692,"date":"2025-06-27T15:23:47","date_gmt":"2025-06-27T13:23:47","guid":{"rendered":"https:\/\/www.savethedogs.eu\/?p=987521692"},"modified":"2025-06-27T15:26:16","modified_gmt":"2025-06-27T13:26:16","slug":"vesak-volunteer-2025","status":"publish","type":"post","link":"https:\/\/www.savethedogs.eu\/en\/vesak-volunteer-2025\/","title":{"rendered":"VESAK 2025 \u2013 The Italian Buddhist Union event as seen through the eyes of a volunteer"},"content":{"rendered":"<p>[et_pb_section fb_built=&#8221;1&#8243; fullwidth=&#8221;on&#8221; _builder_version=&#8221;4.16&#8243; _module_preset=&#8221;default&#8221; da_disable_devices=&#8221;off|off|off&#8221; global_colors_info=&#8221;{}&#8221; da_is_popup=&#8221;off&#8221; da_exit_intent=&#8221;off&#8221; da_has_close=&#8221;on&#8221; da_alt_close=&#8221;off&#8221; da_dark_close=&#8221;off&#8221; da_not_modal=&#8221;on&#8221; da_is_singular=&#8221;off&#8221; da_with_loader=&#8221;off&#8221; da_has_shadow=&#8221;on&#8221;][et_pb_fullwidth_header title=&#8221;VESAK 2025&#8243; subhead=&#8221;The Italian Buddhist Union event as seen through the eyes of a volunteer&#8221; admin_label=&#8221;Intestazione a Larghezza Piena&#8221; _builder_version=&#8221;4.27.4&#8243; _module_preset=&#8221;default&#8221; global_colors_info=&#8221;{}&#8221; subhead__hover_enabled=&#8221;off|desktop&#8221;][\/et_pb_fullwidth_header][\/et_pb_section][et_pb_section fb_built=&#8221;1&#8243; _builder_version=&#8221;4.16&#8243; _module_preset=&#8221;default&#8221; da_disable_devices=&#8221;off|off|off&#8221; global_colors_info=&#8221;{}&#8221; da_is_popup=&#8221;off&#8221; da_exit_intent=&#8221;off&#8221; da_has_close=&#8221;on&#8221; da_alt_close=&#8221;off&#8221; da_dark_close=&#8221;off&#8221; da_not_modal=&#8221;on&#8221; da_is_singular=&#8221;off&#8221; da_with_loader=&#8221;off&#8221; da_has_shadow=&#8221;on&#8221;][et_pb_row _builder_version=&#8221;4.22.2&#8243; _module_preset=&#8221;default&#8221; custom_padding=&#8221;||0px|||&#8221; global_colors_info=&#8221;{}&#8221;][et_pb_column type=&#8221;4_4&#8243; _builder_version=&#8221;4.22.2&#8243; _module_preset=&#8221;default&#8221; global_colors_info=&#8221;{}&#8221;][et_pb_text content_tablet=&#8221;%91caption id=%22attachment_69288%22 align=%22alignright%22 width=%22450%22%93<img class=%22wp-image-69288 size-medium%22 src=%22https:\/\/www.savethedogs.eu\/wp-content\/uploads\/2025\/06\/Fiorella-e-Annabella.png%22 alt=%22Fiorella e Annabella%22 width=%22450%22 height=%22300%22 \/> Annabella a sinistra, Fiorella a destra%91\/caption%93<\/p>\n<p>The annual \u201cVesak 2025\u201d festival was held in Milan from 23 \u2013 25 May. Organized by the Italian Buddhist Union, it was centered around the theme of \u201cCare\u201d.<\/p>\n<p><em>Save the Dogs<\/em> participated with its own booth, given its close partnership with the UBI and its support of a project involving inmates at the Poarta Alba prison in Romania.<\/p>\n<p>I was at the <em>Save the Dogs<\/em> stand on 24 and 25 May, alongside fellow team volunteers and collaborators, united in spreading the Foundation\u2019s message \u2013 its history, its mission, and its vision for the future. For over two decades, <em>Save the Dogs<\/em> has been promoting compassion and kindness toward animals and their human companions. One key initiative is our \u201cFriends on the Streets, Companions for Life\u201d project, which supports the bond between people and their pets. This is just one of many impactful programs that the Foundation, unique in its approach, has created and continues to pursue with unwavering dedication.<\/p>\n<p>Vesak 2025 was truly extraordinary. I felt so enriched by what I heard and learned, and especially by the meaningful connections I made with the other <em>Save the Dogs<\/em> volunteers and collaborators. It was as if we had known each other forever and were united by the same purpose, the same inspiring energy, and the same desire to speak about care\u2014which was of course the theme of the festival\u2014that <em>Save the Dogs<\/em> shows to those most in need, including the lonely, the defenseless, and the forgotten.<\/p>\n<p>\u200b<\/p>\n<p> &#8221; content_phone=&#8221;%91caption id=%22attachment_69288%22 align=%22aligncenter%22 width=%22450%22%93<img class=%22wp-image-69288 size-medium%22 src=%22https:\/\/www.savethedogs.eu\/wp-content\/uploads\/2025\/06\/Fiorella-e-Annabella.png%22 alt=%22Fiorella e Annabella%22 width=%22450%22 height=%22300%22 \/> Annabella a sinistra, Fiorella a destra%91\/caption%93<\/p>\n<p>The annual \u201cVesak 2025\u201d festival was held in Milan from 23 \u2013 25 May. Organized by the Italian Buddhist Union, it was centered around the theme of \u201cCare\u201d.<\/p>\n<p><em>Save the Dogs<\/em> participated with its own booth, given its close partnership with the UBI and its support of a project involving inmates at the Poarta Alba prison in Romania.<\/p>\n<p>I was at the <em>Save the Dogs<\/em> stand on 24 and 25 May, alongside fellow team volunteers and collaborators, united in spreading the Foundation\u2019s message \u2013 its history, its mission, and its vision for the future. For over two decades, <em>Save the Dogs<\/em> has been promoting compassion and kindness toward animals and their human companions. One key initiative is our \u201cFriends on the Streets, Companions for Life\u201d project, which supports the bond between people and their pets. This is just one of many impactful programs that the Foundation, unique in its approach, has created and continues to pursue with unwavering dedication.<\/p>\n<p>Vesak 2025 was truly extraordinary. I felt so enriched by what I heard and learned, and especially by the meaningful connections I made with the other <em>Save the Dogs<\/em> volunteers and collaborators. It was as if we had known each other forever and were united by the same purpose, the same inspiring energy, and the same desire to speak about care\u2014which was of course the theme of the festival\u2014that <em>Save the Dogs<\/em> shows to those most in need, including the lonely, the defenseless, and the forgotten.<\/p>\n<p>\u200b<\/p>\n<p>&#8221; content_last_edited=&#8221;on|phone&#8221; disabled_on=&#8221;off|off|off&#8221; admin_label=&#8221;Testo&#8221; _builder_version=&#8221;4.27.4&#8243; _module_preset=&#8221;default&#8221; header_2_font_size=&#8221;24px&#8221; custom_margin=&#8221;||||false|false&#8221; hover_enabled=&#8221;0&#8243; global_colors_info=&#8221;{}&#8221; sticky_enabled=&#8221;0&#8243;]<div id=\"attachment_69288\" style=\"width: 460px\" class=\"wp-caption alignright\"><img loading=\"lazy\" decoding=\"async\" aria-describedby=\"caption-attachment-69288\" class=\"wp-image-69288 size-medium\" src=\"https:\/\/www.savethedogs.eu\/wp-content\/uploads\/2025\/06\/Fiorella-e-Annabella.png\" alt=\"Fiorella e Annabella\" width=\"450\" height=\"300\" \/><p id=\"caption-attachment-69288\" class=\"wp-caption-text\">Annabella a sinistra, Fiorella a destra<\/p><\/div><\/p>\n<p>The annual \u201cVesak 2025\u201d festival was held in Milan from 23 \u2013 25 May. Organized by the Italian Buddhist Union, it was centered around the theme of \u201cCare\u201d.<\/p>\n<p><em>Save the Dogs<\/em> participated with its own booth, given its close partnership with the UBI and its support of a project involving inmates at the Poarta Alba prison in Romania.<\/p>\n<p>I was at the <em>Save the Dogs<\/em> stand on 24 and 25 May, alongside fellow team volunteers and collaborators, united in spreading the Foundation\u2019s message \u2013 its history, its mission, and its vision for the future. For over two decades, <em>Save the Dogs<\/em> has been promoting compassion and kindness toward animals and their human companions. One key initiative is our \u201cFriends on the Streets, Companions for Life\u201d project, which supports the bond between people and their pets. This is just one of many impactful programs that the Foundation, unique in its approach, has created and continues to pursue with unwavering dedication.<\/p>\n<p>Vesak 2025 was truly extraordinary. I felt so enriched by what I heard and learned, and especially by the meaningful connections I made with the other <em>Save the Dogs<\/em> volunteers and collaborators. It was as if we had known each other forever and were united by the same purpose, the same inspiring energy, and the same desire to speak about care\u2014which was of course the theme of the festival\u2014that <em>Save the Dogs<\/em> shows to those most in need, including the lonely, the defenseless, and the forgotten.<\/p>\n<p>\u200b<\/p>\n<p>[\/et_pb_text][\/et_pb_column][\/et_pb_row][et_pb_row _builder_version=&#8221;4.22.2&#8243; _module_preset=&#8221;default&#8221; custom_padding=&#8221;||0px|||&#8221; global_colors_info=&#8221;{}&#8221;][et_pb_column type=&#8221;4_4&#8243; _builder_version=&#8221;4.22.2&#8243; _module_preset=&#8221;default&#8221; global_colors_info=&#8221;{}&#8221;][et_pb_text content_tablet=&#8221;%91caption id=%22attachment_69288%22 align=%22alignright%22 width=%22450%22%93<img class=%22wp-image-69288 size-medium%22 src=%22https:\/\/www.savethedogs.eu\/wp-content\/uploads\/2025\/06\/Amelia-25.png%22 alt=%22Amelia%22 width=%22450%22 height=%22300%22 \/> Amelia%91\/caption%93<\/p>\n<p>Abbiamo trovato <strong>Amelia<\/strong> in un villaggio della campagna rumena, dove la povert\u00e0 \u00e8 ancora profonda e i cani vengono spesso tenuti a catena per tutta la vita. Era legata ad una catena sotto il sole cocente, visibilmente esausta, pelle e ossa. Accanto a lei, i suoi cuccioli nati da poco: gi\u00e0 infestati dai parassiti, senza riparo adeguato e cure.<br \/>\nSiamo intervenuti per portare cibo e acqua, ma Amelia era molto debilitata e abbiamo capito subito che dovevamo portarla via da l\u00ec. Era l\u2019unica possibilit\u00e0 per lei e per i suoi piccoli.<\/p>\n<p><strong>Da quel momento, \u00e8 cominciata la rinascita.<\/strong> Mentre si trovava ancora in catene, Amelia ha conosciuto una coppia italiana che seguiva da tempo il nostro lavoro; sono venuti fino in Romania per incontrarla. Si sono conosciuti e hanno scelto di aspettarla, mentre si riprendeva e si prendeva cura dei suoi piccoli. Mesi di pazienza, amore a distanza, fino al giorno in cui Amelia ha finalmente potuto viaggiare verso la sua nuova casa, poco fuori Milano.<\/p>\n<p><strong>Oggi Amelia \u00e8 libera e amata.<\/strong><\/p>\n<p>Corre nei prati, gioca, esplora il mondo con curiosit\u00e0 e vive circondata da amore e da altri amici a quattro zampe. Vederla cos\u00ec, piena di vita, fa sembrare un lontano ricordo i giorni passati alla catena.<br \/>\nIl suo legame con la nuova famiglia \u00e8 profondo, autentico. \u00c8 il tipo di amore che ci ricorda perch\u00e9 facciamo tutto questo: perch\u00e9 ogni animale  merita di conoscere la libert\u00e0, la gentilezza. Potersi esprimere.<br \/>\nOgni giorno ci imbattiamo in nuovi casi come quello di Amelia.<br \/>\nCani che hanno bisogno di essere curati, o accolti da una famiglia che li ami.<\/p>\n<p><strong>Con il tuo aiuto, possiamo continuare a scrivere storie a lieto fine.<\/strong> Sostienici oggi: insieme, possiamo cambiare il destino di tanti animali vulnerabili.<\/p>\n<p> &#8221; content_phone=&#8221;%91caption id=%22attachment_69288%22 align=%22aligncenter%22 width=%22450%22%93<img class=%22wp-image-69288 size-medium%22 src=%22https:\/\/www.savethedogs.eu\/wp-content\/uploads\/2025\/06\/Amelia-25.png%22 alt=%22Amelia%22 width=%22450%22 height=%22300%22 \/> Amelia%91\/caption%93<\/p>\n<p>Abbiamo trovato <strong>Amelia<\/strong> in un villaggio della campagna rumena, dove la povert\u00e0 \u00e8 ancora profonda e i cani vengono spesso tenuti a catena per tutta la vita. Era legata ad una catena sotto il sole cocente, visibilmente esausta, pelle e ossa. Accanto a lei, i suoi cuccioli nati da poco: gi\u00e0 infestati dai parassiti, senza riparo adeguato e cure.<br \/>\nSiamo intervenuti per portare cibo e acqua, ma Amelia era molto debilitata e abbiamo capito subito che dovevamo portarla via da l\u00ec. Era l\u2019unica possibilit\u00e0 per lei e per i suoi piccoli.<\/p>\n<p><strong>Da quel momento, \u00e8 cominciata la rinascita.<\/strong> Mentre si trovava ancora in catene, Amelia ha conosciuto una coppia italiana che seguiva da tempo il nostro lavoro; sono venuti fino in Romania per incontrarla. Si sono conosciuti e hanno scelto di aspettarla, mentre si riprendeva e si prendeva cura dei suoi piccoli. Mesi di pazienza, amore a distanza, fino al giorno in cui Amelia ha finalmente potuto viaggiare verso la sua nuova casa, poco fuori Milano.<\/p>\n<p><strong>Oggi Amelia \u00e8 libera e amata.<\/strong><\/p>\n<p>Corre nei prati, gioca, esplora il mondo con curiosit\u00e0 e vive circondata da amore e da altri amici a quattro zampe. Vederla cos\u00ec, piena di vita, fa sembrare un lontano ricordo i giorni passati alla catena.<br \/>\nIl suo legame con la nuova famiglia \u00e8 profondo, autentico. \u00c8 il tipo di amore che ci ricorda perch\u00e9 facciamo tutto questo: perch\u00e9 ogni animale  merita di conoscere la libert\u00e0, la gentilezza. Potersi esprimere.<br \/>\nOgni giorno ci imbattiamo in nuovi casi come quello di Amelia.<br \/>\nCani che hanno bisogno di essere curati, o accolti da una famiglia che li ami.<\/p>\n<p><strong>Con il tuo aiuto, possiamo continuare a scrivere storie a lieto fine.<\/strong> Sostienici oggi: insieme, possiamo cambiare il destino di tanti animali vulnerabili.<\/p>\n<p> &#8221; content_last_edited=&#8221;off|desktop&#8221; disabled_on=&#8221;on|off|off&#8221; admin_label=&#8221;Testo&#8221; _builder_version=&#8221;4.27.4&#8243; _module_preset=&#8221;default&#8221; header_2_font_size=&#8221;24px&#8221; custom_margin=&#8221;||||false|false&#8221; global_colors_info=&#8221;{}&#8221;]<\/p>\n<p>One unforgettable highlight was meeting Jane Goodall in person. Listening to her speak about hope \u2013 not the passive kind, but the hope of those who act to achieve their goals \u2013 was so powerful. Her influence in changing the way we perceive &#8220;non-human beings&#8221; and the respect we owe them was inspiring. I was also moved by the animal blessing ceremony, something which is rarely celebrated at public events. The presence of hundreds of people made it even more meaningful; it was a collective demonstration of compassion and a willingness to care for others. \u00a0<\/p>\n<p>On a personal level, what stood out the most for me was being in the presence of Sara Turetta, President of <em>Save the Dogs<\/em>.<\/p>\n<p>Sara is the prime reason that saw me making one of the best decisions of my life, that of becoming a volunteer of the Foundation. Reading her book several years ago made a big impression on me. Her resilient and determined nature struck me profoundly, and that was when I knew it was time to transform my love for animals into real, practical support. <\/p>\n<p>[\/et_pb_text][et_pb_text disabled_on=&#8221;off|on|on&#8221; admin_label=&#8221;Foto Mobile&#8221; _builder_version=&#8221;4.27.4&#8243; _module_preset=&#8221;default&#8221; global_colors_info=&#8221;{}&#8221;]<\/p>\n<p><img loading=\"lazy\" decoding=\"async\" class=\"wp-image-69288 size-medium aligncenter\" src=\"https:\/\/www.savethedogs.eu\/wp-content\/uploads\/2025\/06\/Vesak_2025_03.png\" alt=\"Volontarie Save the Dogs\" width=\"450\" height=\"300\" \/><\/p>\n<p>[\/et_pb_text][et_pb_text content_tablet=&#8221;%91caption id=%22attachment_69288%22 align=%22alignright%22 width=%22450%22%93<img class=%22wp-image-69288 size-medium%22 src=%22https:\/\/www.savethedogs.eu\/wp-content\/uploads\/2025\/06\/Amelia-25.png%22 alt=%22Amelia%22 width=%22450%22 height=%22300%22 \/> Amelia%91\/caption%93<\/p>\n<p>Abbiamo trovato <strong>Amelia<\/strong> in un villaggio della campagna rumena, dove la povert\u00e0 \u00e8 ancora profonda e i cani vengono spesso tenuti a catena per tutta la vita. Era legata ad una catena sotto il sole cocente, visibilmente esausta, pelle e ossa. Accanto a lei, i suoi cuccioli nati da poco: gi\u00e0 infestati dai parassiti, senza riparo adeguato e cure.<br \/>\nSiamo intervenuti per portare cibo e acqua, ma Amelia era molto debilitata e abbiamo capito subito che dovevamo portarla via da l\u00ec. Era l\u2019unica possibilit\u00e0 per lei e per i suoi piccoli.<\/p>\n<p><strong>Da quel momento, \u00e8 cominciata la rinascita.<\/strong> Mentre si trovava ancora in catene, Amelia ha conosciuto una coppia italiana che seguiva da tempo il nostro lavoro; sono venuti fino in Romania per incontrarla. Si sono conosciuti e hanno scelto di aspettarla, mentre si riprendeva e si prendeva cura dei suoi piccoli. Mesi di pazienza, amore a distanza, fino al giorno in cui Amelia ha finalmente potuto viaggiare verso la sua nuova casa, poco fuori Milano.<\/p>\n<p><strong>Oggi Amelia \u00e8 libera e amata.<\/strong><\/p>\n<p>Corre nei prati, gioca, esplora il mondo con curiosit\u00e0 e vive circondata da amore e da altri amici a quattro zampe. Vederla cos\u00ec, piena di vita, fa sembrare un lontano ricordo i giorni passati alla catena.<br \/>\nIl suo legame con la nuova famiglia \u00e8 profondo, autentico. \u00c8 il tipo di amore che ci ricorda perch\u00e9 facciamo tutto questo: perch\u00e9 ogni animale  merita di conoscere la libert\u00e0, la gentilezza. Potersi esprimere.<br \/>\nOgni giorno ci imbattiamo in nuovi casi come quello di Amelia.<br \/>\nCani che hanno bisogno di essere curati, o accolti da una famiglia che li ami.<\/p>\n<p><strong>Con il tuo aiuto, possiamo continuare a scrivere storie a lieto fine.<\/strong> Sostienici oggi: insieme, possiamo cambiare il destino di tanti animali vulnerabili.<\/p>\n<p> &#8221; content_phone=&#8221;%91caption id=%22attachment_69288%22 align=%22aligncenter%22 width=%22450%22%93<img class=%22wp-image-69288 size-medium%22 src=%22https:\/\/www.savethedogs.eu\/wp-content\/uploads\/2025\/06\/Amelia-25.png%22 alt=%22Amelia%22 width=%22450%22 height=%22300%22 \/> Amelia%91\/caption%93<\/p>\n<p>Abbiamo trovato <strong>Amelia<\/strong> in un villaggio della campagna rumena, dove la povert\u00e0 \u00e8 ancora profonda e i cani vengono spesso tenuti a catena per tutta la vita. Era legata ad una catena sotto il sole cocente, visibilmente esausta, pelle e ossa. Accanto a lei, i suoi cuccioli nati da poco: gi\u00e0 infestati dai parassiti, senza riparo adeguato e cure.<br \/>\nSiamo intervenuti per portare cibo e acqua, ma Amelia era molto debilitata e abbiamo capito subito che dovevamo portarla via da l\u00ec. Era l\u2019unica possibilit\u00e0 per lei e per i suoi piccoli.<\/p>\n<p><strong>Da quel momento, \u00e8 cominciata la rinascita.<\/strong> Mentre si trovava ancora in catene, Amelia ha conosciuto una coppia italiana che seguiva da tempo il nostro lavoro; sono venuti fino in Romania per incontrarla. Si sono conosciuti e hanno scelto di aspettarla, mentre si riprendeva e si prendeva cura dei suoi piccoli. Mesi di pazienza, amore a distanza, fino al giorno in cui Amelia ha finalmente potuto viaggiare verso la sua nuova casa, poco fuori Milano.<\/p>\n<p><strong>Oggi Amelia \u00e8 libera e amata.<\/strong><\/p>\n<p>Corre nei prati, gioca, esplora il mondo con curiosit\u00e0 e vive circondata da amore e da altri amici a quattro zampe. Vederla cos\u00ec, piena di vita, fa sembrare un lontano ricordo i giorni passati alla catena.<br \/>\nIl suo legame con la nuova famiglia \u00e8 profondo, autentico. \u00c8 il tipo di amore che ci ricorda perch\u00e9 facciamo tutto questo: perch\u00e9 ogni animale  merita di conoscere la libert\u00e0, la gentilezza. Potersi esprimere.<br \/>\nOgni giorno ci imbattiamo in nuovi casi come quello di Amelia.<br \/>\nCani che hanno bisogno di essere curati, o accolti da una famiglia che li ami.<\/p>\n<p><strong>Con il tuo aiuto, possiamo continuare a scrivere storie a lieto fine.<\/strong> Sostienici oggi: insieme, possiamo cambiare il destino di tanti animali vulnerabili.<\/p>\n<p> &#8221; content_last_edited=&#8221;off|desktop&#8221; disabled_on=&#8221;off|on|on&#8221; admin_label=&#8221;Testo Mobile&#8221; _builder_version=&#8221;4.27.4&#8243; _module_preset=&#8221;default&#8221; header_2_font_size=&#8221;24px&#8221; custom_margin=&#8221;||||false|false&#8221; global_colors_info=&#8221;{}&#8221;]<\/p>\n<p>One unforgettable highlight was meeting Jane Goodall in person. Listening to her speak about hope \u2013 not the passive kind, but the hope of those who act to achieve their goals \u2013 was so powerful. Her influence in changing the way we perceive &#8220;non-human beings&#8221; and the respect we owe them was inspiring. I was also moved by the animal blessing ceremony, something which is rarely celebrated at public events. The presence of hundreds of people made it even more meaningful; it was a collective demonstration of compassion and a willingness to care for others.\u00a0<\/p>\n<p>[\/et_pb_text][et_pb_text disabled_on=&#8221;off|on|on&#8221; admin_label=&#8221;Foto Mobile&#8221; _builder_version=&#8221;4.27.4&#8243; _module_preset=&#8221;default&#8221; global_colors_info=&#8221;{}&#8221;]<img loading=\"lazy\" decoding=\"async\" class=\"wp-image-69288 size-medium\" src=\"https:\/\/www.savethedogs.eu\/wp-content\/uploads\/2025\/06\/Vesak_2025_05.png\" alt=\"Volontari Save the Dogs\" width=\"450\" height=\"300\" \/>[\/et_pb_text][et_pb_text content_tablet=&#8221;%91caption id=%22attachment_69288%22 align=%22alignright%22 width=%22450%22%93<img class=%22wp-image-69288 size-medium%22 src=%22https:\/\/www.savethedogs.eu\/wp-content\/uploads\/2025\/06\/Amelia-25.png%22 alt=%22Amelia%22 width=%22450%22 height=%22300%22 \/> Amelia%91\/caption%93<\/p>\n<p>Abbiamo trovato <strong>Amelia<\/strong> in un villaggio della campagna rumena, dove la povert\u00e0 \u00e8 ancora profonda e i cani vengono spesso tenuti a catena per tutta la vita. Era legata ad una catena sotto il sole cocente, visibilmente esausta, pelle e ossa. Accanto a lei, i suoi cuccioli nati da poco: gi\u00e0 infestati dai parassiti, senza riparo adeguato e cure.<br \/>\nSiamo intervenuti per portare cibo e acqua, ma Amelia era molto debilitata e abbiamo capito subito che dovevamo portarla via da l\u00ec. Era l\u2019unica possibilit\u00e0 per lei e per i suoi piccoli.<\/p>\n<p><strong>Da quel momento, \u00e8 cominciata la rinascita.<\/strong> Mentre si trovava ancora in catene, Amelia ha conosciuto una coppia italiana che seguiva da tempo il nostro lavoro; sono venuti fino in Romania per incontrarla. Si sono conosciuti e hanno scelto di aspettarla, mentre si riprendeva e si prendeva cura dei suoi piccoli. Mesi di pazienza, amore a distanza, fino al giorno in cui Amelia ha finalmente potuto viaggiare verso la sua nuova casa, poco fuori Milano.<\/p>\n<p><strong>Oggi Amelia \u00e8 libera e amata.<\/strong><\/p>\n<p>Corre nei prati, gioca, esplora il mondo con curiosit\u00e0 e vive circondata da amore e da altri amici a quattro zampe. Vederla cos\u00ec, piena di vita, fa sembrare un lontano ricordo i giorni passati alla catena.<br \/>\nIl suo legame con la nuova famiglia \u00e8 profondo, autentico. \u00c8 il tipo di amore che ci ricorda perch\u00e9 facciamo tutto questo: perch\u00e9 ogni animale  merita di conoscere la libert\u00e0, la gentilezza. Potersi esprimere.<br \/>\nOgni giorno ci imbattiamo in nuovi casi come quello di Amelia.<br \/>\nCani che hanno bisogno di essere curati, o accolti da una famiglia che li ami.<\/p>\n<p><strong>Con il tuo aiuto, possiamo continuare a scrivere storie a lieto fine.<\/strong> Sostienici oggi: insieme, possiamo cambiare il destino di tanti animali vulnerabili.<\/p>\n<p> &#8221; content_phone=&#8221;%91caption id=%22attachment_69288%22 align=%22aligncenter%22 width=%22450%22%93<img class=%22wp-image-69288 size-medium%22 src=%22https:\/\/www.savethedogs.eu\/wp-content\/uploads\/2025\/06\/Amelia-25.png%22 alt=%22Amelia%22 width=%22450%22 height=%22300%22 \/> Amelia%91\/caption%93<\/p>\n<p>Abbiamo trovato <strong>Amelia<\/strong> in un villaggio della campagna rumena, dove la povert\u00e0 \u00e8 ancora profonda e i cani vengono spesso tenuti a catena per tutta la vita. Era legata ad una catena sotto il sole cocente, visibilmente esausta, pelle e ossa. Accanto a lei, i suoi cuccioli nati da poco: gi\u00e0 infestati dai parassiti, senza riparo adeguato e cure.<br \/>\nSiamo intervenuti per portare cibo e acqua, ma Amelia era molto debilitata e abbiamo capito subito che dovevamo portarla via da l\u00ec. Era l\u2019unica possibilit\u00e0 per lei e per i suoi piccoli.<\/p>\n<p><strong>Da quel momento, \u00e8 cominciata la rinascita.<\/strong> Mentre si trovava ancora in catene, Amelia ha conosciuto una coppia italiana che seguiva da tempo il nostro lavoro; sono venuti fino in Romania per incontrarla. Si sono conosciuti e hanno scelto di aspettarla, mentre si riprendeva e si prendeva cura dei suoi piccoli. Mesi di pazienza, amore a distanza, fino al giorno in cui Amelia ha finalmente potuto viaggiare verso la sua nuova casa, poco fuori Milano.<\/p>\n<p><strong>Oggi Amelia \u00e8 libera e amata.<\/strong><\/p>\n<p>Corre nei prati, gioca, esplora il mondo con curiosit\u00e0 e vive circondata da amore e da altri amici a quattro zampe. Vederla cos\u00ec, piena di vita, fa sembrare un lontano ricordo i giorni passati alla catena.<br \/>\nIl suo legame con la nuova famiglia \u00e8 profondo, autentico. \u00c8 il tipo di amore che ci ricorda perch\u00e9 facciamo tutto questo: perch\u00e9 ogni animale  merita di conoscere la libert\u00e0, la gentilezza. Potersi esprimere.<br \/>\nOgni giorno ci imbattiamo in nuovi casi come quello di Amelia.<br \/>\nCani che hanno bisogno di essere curati, o accolti da una famiglia che li ami.<\/p>\n<p><strong>Con il tuo aiuto, possiamo continuare a scrivere storie a lieto fine.<\/strong> Sostienici oggi: insieme, possiamo cambiare il destino di tanti animali vulnerabili.<\/p>\n<p> &#8221; content_last_edited=&#8221;off|desktop&#8221; disabled_on=&#8221;off|on|on&#8221; admin_label=&#8221;Testo Mobile&#8221; _builder_version=&#8221;4.27.4&#8243; _module_preset=&#8221;default&#8221; header_2_font_size=&#8221;24px&#8221; custom_margin=&#8221;||||false|false&#8221; global_colors_info=&#8221;{}&#8221;]<\/p>\n<p>On a personal level, what stood out the most for me was being in the presence of Sara Turetta, President of <em>Save the Dogs<\/em>.<\/p>\n<p>Sara is the prime reason that saw me making one of the best decisions of my life, that of becoming a volunteer of the Foundation. Reading her book several years ago made a big impression on me. Her resilient and determined nature struck me profoundly, and that was when I knew it was time to transform my love for animals into real, practical support. <\/p>\n<p>[\/et_pb_text][\/et_pb_column][\/et_pb_row][et_pb_row column_structure=&#8221;1_3,1_3,1_3&#8243; disabled_on=&#8221;on|off|off&#8221; _builder_version=&#8221;4.27.4&#8243; _module_preset=&#8221;default&#8221; global_colors_info=&#8221;{}&#8221;][et_pb_column type=&#8221;1_3&#8243; _builder_version=&#8221;4.27.4&#8243; _module_preset=&#8221;default&#8221; global_colors_info=&#8221;{}&#8221;][et_pb_text _builder_version=&#8221;4.27.4&#8243; _module_preset=&#8221;default&#8221; global_colors_info=&#8221;{}&#8221;]<\/p>\n<p><img loading=\"lazy\" decoding=\"async\" class=\"wp-image-69288 size-medium aligncenter\" src=\"https:\/\/www.savethedogs.eu\/wp-content\/uploads\/2025\/06\/Vesak_2025_03.png\" alt=\"Volontarie Save the Dogs\" width=\"450\" height=\"300\" \/><\/p>\n<p>[\/et_pb_text][\/et_pb_column][et_pb_column type=&#8221;1_3&#8243; _builder_version=&#8221;4.27.4&#8243; _module_preset=&#8221;default&#8221; global_colors_info=&#8221;{}&#8221;][et_pb_text _builder_version=&#8221;4.27.4&#8243; _module_preset=&#8221;default&#8221; global_colors_info=&#8221;{}&#8221;]<img loading=\"lazy\" decoding=\"async\" class=\"wp-image-69288 size-medium\" src=\"https:\/\/www.savethedogs.eu\/wp-content\/uploads\/2025\/06\/Vesak_2025_05.png\" alt=\"Volontari Save the Dogs\" width=\"450\" height=\"300\" \/>[\/et_pb_text][\/et_pb_column][et_pb_column type=&#8221;1_3&#8243; _builder_version=&#8221;4.27.4&#8243; _module_preset=&#8221;default&#8221; global_colors_info=&#8221;{}&#8221;][et_pb_text _builder_version=&#8221;4.27.4&#8243; _module_preset=&#8221;default&#8221; global_colors_info=&#8221;{}&#8221;]<\/p>\n<p><img loading=\"lazy\" decoding=\"async\" class=\"wp-image-69288 size-medium\" src=\"https:\/\/www.savethedogs.eu\/wp-content\/uploads\/2025\/06\/Vesak_2025_04.png\" alt=\"Volontari  Save the Dogs\" width=\"450\" height=\"300\" \/><\/p>\n<p>[\/et_pb_text][\/et_pb_column][\/et_pb_row][et_pb_row _builder_version=&#8221;4.22.2&#8243; _module_preset=&#8221;default&#8221; custom_padding=&#8221;||0px|||&#8221; global_colors_info=&#8221;{}&#8221;][et_pb_column type=&#8221;4_4&#8243; _builder_version=&#8221;4.22.2&#8243; _module_preset=&#8221;default&#8221; global_colors_info=&#8221;{}&#8221;][et_pb_text content_tablet=&#8221;%91caption id=%22attachment_69288%22 align=%22alignright%22 width=%22450%22%93<img class=%22wp-image-69288 size-medium%22 src=%22https:\/\/www.savethedogs.eu\/wp-content\/uploads\/2025\/06\/Amelia-25.png%22 alt=%22Amelia%22 width=%22450%22 height=%22300%22 \/> Amelia%91\/caption%93<\/p>\n<p>Abbiamo trovato <strong>Amelia<\/strong> in un villaggio della campagna rumena, dove la povert\u00e0 \u00e8 ancora profonda e i cani vengono spesso tenuti a catena per tutta la vita. Era legata ad una catena sotto il sole cocente, visibilmente esausta, pelle e ossa. Accanto a lei, i suoi cuccioli nati da poco: gi\u00e0 infestati dai parassiti, senza riparo adeguato e cure.<br \/>\nSiamo intervenuti per portare cibo e acqua, ma Amelia era molto debilitata e abbiamo capito subito che dovevamo portarla via da l\u00ec. Era l\u2019unica possibilit\u00e0 per lei e per i suoi piccoli.<\/p>\n<p><strong>Da quel momento, \u00e8 cominciata la rinascita.<\/strong> Mentre si trovava ancora in catene, Amelia ha conosciuto una coppia italiana che seguiva da tempo il nostro lavoro; sono venuti fino in Romania per incontrarla. Si sono conosciuti e hanno scelto di aspettarla, mentre si riprendeva e si prendeva cura dei suoi piccoli. Mesi di pazienza, amore a distanza, fino al giorno in cui Amelia ha finalmente potuto viaggiare verso la sua nuova casa, poco fuori Milano.<\/p>\n<p><strong>Oggi Amelia \u00e8 libera e amata.<\/strong><\/p>\n<p>Corre nei prati, gioca, esplora il mondo con curiosit\u00e0 e vive circondata da amore e da altri amici a quattro zampe. Vederla cos\u00ec, piena di vita, fa sembrare un lontano ricordo i giorni passati alla catena.<br \/>\nIl suo legame con la nuova famiglia \u00e8 profondo, autentico. \u00c8 il tipo di amore che ci ricorda perch\u00e9 facciamo tutto questo: perch\u00e9 ogni animale  merita di conoscere la libert\u00e0, la gentilezza. Potersi esprimere.<br \/>\nOgni giorno ci imbattiamo in nuovi casi come quello di Amelia.<br \/>\nCani che hanno bisogno di essere curati, o accolti da una famiglia che li ami.<\/p>\n<p><strong>Con il tuo aiuto, possiamo continuare a scrivere storie a lieto fine.<\/strong> Sostienici oggi: insieme, possiamo cambiare il destino di tanti animali vulnerabili.<\/p>\n<p> &#8221; content_phone=&#8221;%91caption id=%22attachment_69288%22 align=%22aligncenter%22 width=%22450%22%93<img class=%22wp-image-69288 size-medium%22 src=%22https:\/\/www.savethedogs.eu\/wp-content\/uploads\/2025\/06\/Amelia-25.png%22 alt=%22Amelia%22 width=%22450%22 height=%22300%22 \/> Amelia%91\/caption%93<\/p>\n<p>Abbiamo trovato <strong>Amelia<\/strong> in un villaggio della campagna rumena, dove la povert\u00e0 \u00e8 ancora profonda e i cani vengono spesso tenuti a catena per tutta la vita. Era legata ad una catena sotto il sole cocente, visibilmente esausta, pelle e ossa. Accanto a lei, i suoi cuccioli nati da poco: gi\u00e0 infestati dai parassiti, senza riparo adeguato e cure.<br \/>\nSiamo intervenuti per portare cibo e acqua, ma Amelia era molto debilitata e abbiamo capito subito che dovevamo portarla via da l\u00ec. Era l\u2019unica possibilit\u00e0 per lei e per i suoi piccoli.<\/p>\n<p><strong>Da quel momento, \u00e8 cominciata la rinascita.<\/strong> Mentre si trovava ancora in catene, Amelia ha conosciuto una coppia italiana che seguiva da tempo il nostro lavoro; sono venuti fino in Romania per incontrarla. Si sono conosciuti e hanno scelto di aspettarla, mentre si riprendeva e si prendeva cura dei suoi piccoli. Mesi di pazienza, amore a distanza, fino al giorno in cui Amelia ha finalmente potuto viaggiare verso la sua nuova casa, poco fuori Milano.<\/p>\n<p><strong>Oggi Amelia \u00e8 libera e amata.<\/strong><\/p>\n<p>Corre nei prati, gioca, esplora il mondo con curiosit\u00e0 e vive circondata da amore e da altri amici a quattro zampe. Vederla cos\u00ec, piena di vita, fa sembrare un lontano ricordo i giorni passati alla catena.<br \/>\nIl suo legame con la nuova famiglia \u00e8 profondo, autentico. \u00c8 il tipo di amore che ci ricorda perch\u00e9 facciamo tutto questo: perch\u00e9 ogni animale  merita di conoscere la libert\u00e0, la gentilezza. Potersi esprimere.<br \/>\nOgni giorno ci imbattiamo in nuovi casi come quello di Amelia.<br \/>\nCani che hanno bisogno di essere curati, o accolti da una famiglia che li ami.<\/p>\n<p><strong>Con il tuo aiuto, possiamo continuare a scrivere storie a lieto fine.<\/strong> Sostienici oggi: insieme, possiamo cambiare il destino di tanti animali vulnerabili.<\/p>\n<p> &#8221; content_last_edited=&#8221;off|desktop&#8221; disabled_on=&#8221;on|off|off&#8221; admin_label=&#8221;Testo&#8221; _builder_version=&#8221;4.27.4&#8243; _module_preset=&#8221;default&#8221; header_2_font_size=&#8221;24px&#8221; custom_margin=&#8221;||||false|false&#8221; global_colors_info=&#8221;{}&#8221;]<\/p>\n<p><em>Save the Dogs<\/em> is involved in unique, one-of-a-kind projects such as \u2018Friends on the Streets, Companions for Life\u2019, \u2018Connecting Lives\u2019 in Romania, which provides support for shelters in southern Italy by holding sterilization marathons, and the remarkable \u2018Footprints of Joy\u2019 sanctuary, which has now become a model for future veterinary clinics and shelters in Romania.<\/p>\n<p>Volunteering for this Foundation means being part of an all-encompassing effort, from collecting food to delivering it to the homeless and low-income families, revolutionizing sterilization practices, running spay\/neuter marathons for dogs and cats in Romania and southern Italy, rescuing animals at the \u2018Footprints of Joy\u2019 shelter, and helping to find them homes, and organizing continuous fundraising efforts to support the cause. This experience is not just about donating your time to animals; it\u2019s a rewarding role that spans every area the Foundation works in, and it\u2019s a constant learning experience. The vast expertise of the <em>Save the Dogs\u2019<\/em> staff and experienced volunteers is a continual source of inspiration for me; they are not just companions, but mentors. Through them, I\u2019ve discovered a vocation that\u2019s constantly evolving, cutting-edge, and deeply purpose-driven.<\/p>\n<p>There are times when I think about hopefully continuing to be a part of this family and becoming more involved in the Foundation\u2019s activities, and I wonder, \u201cAm I up to the task?\u201d The simple answer is \u201cI don\u2019t know\u201d, but what I do know is that when I put on my SAVE THE DOGS vest and get to work, I feel like a new person \u2013 I\u2019m finally where I\u2019m meant to be, prepared and ready to face big challenges. In a nutshell, that\u2019s the <em>Save the Dogs<\/em> effect.<\/p>\n<p>[\/et_pb_text][et_pb_text disabled_on=&#8221;off|on|on&#8221; admin_label=&#8221;Foto Mobile&#8221; _builder_version=&#8221;4.27.4&#8243; _module_preset=&#8221;default&#8221; global_colors_info=&#8221;{}&#8221;]<img loading=\"lazy\" decoding=\"async\" class=\"wp-image-69288 size-medium\" src=\"https:\/\/www.savethedogs.eu\/wp-content\/uploads\/2025\/06\/Vesak_2025_04.png\" alt=\"Volontari  Save the Dogs\" width=\"450\" height=\"300\" \/>[\/et_pb_text][et_pb_text content_tablet=&#8221;%91caption id=%22attachment_69288%22 align=%22alignright%22 width=%22450%22%93<img class=%22wp-image-69288 size-medium%22 src=%22https:\/\/www.savethedogs.eu\/wp-content\/uploads\/2025\/06\/Amelia-25.png%22 alt=%22Amelia%22 width=%22450%22 height=%22300%22 \/> Amelia%91\/caption%93<\/p>\n<p>Abbiamo trovato <strong>Amelia<\/strong> in un villaggio della campagna rumena, dove la povert\u00e0 \u00e8 ancora profonda e i cani vengono spesso tenuti a catena per tutta la vita. Era legata ad una catena sotto il sole cocente, visibilmente esausta, pelle e ossa. Accanto a lei, i suoi cuccioli nati da poco: gi\u00e0 infestati dai parassiti, senza riparo adeguato e cure.<br \/>\nSiamo intervenuti per portare cibo e acqua, ma Amelia era molto debilitata e abbiamo capito subito che dovevamo portarla via da l\u00ec. Era l\u2019unica possibilit\u00e0 per lei e per i suoi piccoli.<\/p>\n<p><strong>Da quel momento, \u00e8 cominciata la rinascita.<\/strong> Mentre si trovava ancora in catene, Amelia ha conosciuto una coppia italiana che seguiva da tempo il nostro lavoro; sono venuti fino in Romania per incontrarla. Si sono conosciuti e hanno scelto di aspettarla, mentre si riprendeva e si prendeva cura dei suoi piccoli. Mesi di pazienza, amore a distanza, fino al giorno in cui Amelia ha finalmente potuto viaggiare verso la sua nuova casa, poco fuori Milano.<\/p>\n<p><strong>Oggi Amelia \u00e8 libera e amata.<\/strong><\/p>\n<p>Corre nei prati, gioca, esplora il mondo con curiosit\u00e0 e vive circondata da amore e da altri amici a quattro zampe. Vederla cos\u00ec, piena di vita, fa sembrare un lontano ricordo i giorni passati alla catena.<br \/>\nIl suo legame con la nuova famiglia \u00e8 profondo, autentico. \u00c8 il tipo di amore che ci ricorda perch\u00e9 facciamo tutto questo: perch\u00e9 ogni animale  merita di conoscere la libert\u00e0, la gentilezza. Potersi esprimere.<br \/>\nOgni giorno ci imbattiamo in nuovi casi come quello di Amelia.<br \/>\nCani che hanno bisogno di essere curati, o accolti da una famiglia che li ami.<\/p>\n<p><strong>Con il tuo aiuto, possiamo continuare a scrivere storie a lieto fine.<\/strong> Sostienici oggi: insieme, possiamo cambiare il destino di tanti animali vulnerabili.<\/p>\n<p> &#8221; content_phone=&#8221;%91caption id=%22attachment_69288%22 align=%22aligncenter%22 width=%22450%22%93<img class=%22wp-image-69288 size-medium%22 src=%22https:\/\/www.savethedogs.eu\/wp-content\/uploads\/2025\/06\/Amelia-25.png%22 alt=%22Amelia%22 width=%22450%22 height=%22300%22 \/> Amelia%91\/caption%93<\/p>\n<p>Abbiamo trovato <strong>Amelia<\/strong> in un villaggio della campagna rumena, dove la povert\u00e0 \u00e8 ancora profonda e i cani vengono spesso tenuti a catena per tutta la vita. Era legata ad una catena sotto il sole cocente, visibilmente esausta, pelle e ossa. Accanto a lei, i suoi cuccioli nati da poco: gi\u00e0 infestati dai parassiti, senza riparo adeguato e cure.<br \/>\nSiamo intervenuti per portare cibo e acqua, ma Amelia era molto debilitata e abbiamo capito subito che dovevamo portarla via da l\u00ec. Era l\u2019unica possibilit\u00e0 per lei e per i suoi piccoli.<\/p>\n<p><strong>Da quel momento, \u00e8 cominciata la rinascita.<\/strong> Mentre si trovava ancora in catene, Amelia ha conosciuto una coppia italiana che seguiva da tempo il nostro lavoro; sono venuti fino in Romania per incontrarla. Si sono conosciuti e hanno scelto di aspettarla, mentre si riprendeva e si prendeva cura dei suoi piccoli. Mesi di pazienza, amore a distanza, fino al giorno in cui Amelia ha finalmente potuto viaggiare verso la sua nuova casa, poco fuori Milano.<\/p>\n<p><strong>Oggi Amelia \u00e8 libera e amata.<\/strong><\/p>\n<p>Corre nei prati, gioca, esplora il mondo con curiosit\u00e0 e vive circondata da amore e da altri amici a quattro zampe. Vederla cos\u00ec, piena di vita, fa sembrare un lontano ricordo i giorni passati alla catena.<br \/>\nIl suo legame con la nuova famiglia \u00e8 profondo, autentico. \u00c8 il tipo di amore che ci ricorda perch\u00e9 facciamo tutto questo: perch\u00e9 ogni animale  merita di conoscere la libert\u00e0, la gentilezza. Potersi esprimere.<br \/>\nOgni giorno ci imbattiamo in nuovi casi come quello di Amelia.<br \/>\nCani che hanno bisogno di essere curati, o accolti da una famiglia che li ami.<\/p>\n<p><strong>Con il tuo aiuto, possiamo continuare a scrivere storie a lieto fine.<\/strong> Sostienici oggi: insieme, possiamo cambiare il destino di tanti animali vulnerabili.<\/p>\n<p> &#8221; content_last_edited=&#8221;off|desktop&#8221; disabled_on=&#8221;off|on|on&#8221; admin_label=&#8221;Testo Mobile&#8221; _builder_version=&#8221;4.27.4&#8243; _module_preset=&#8221;default&#8221; header_2_font_size=&#8221;24px&#8221; custom_margin=&#8221;||||false|false&#8221; global_colors_info=&#8221;{}&#8221;]<\/p>\n<p><em>Save the Dogs<\/em> is involved in unique, one-of-a-kind projects such as \u2018Friends on the Streets, Companions for Life\u2019, \u2018Connecting Lives\u2019 in Romania, which provides support for shelters in southern Italy by holding sterilization marathons, and the remarkable \u2018Footprints of Joy\u2019 sanctuary, which has now become a model for future veterinary clinics and shelters in Romania.<\/p>\n<p>Volunteering for this Foundation means being part of an all-encompassing effort, from collecting food to delivering it to the homeless and low-income families, revolutionizing sterilization practices, running spay\/neuter marathons for dogs and cats in Romania and southern Italy, rescuing animals at the \u2018Footprints of Joy\u2019 shelter, and helping to find them homes, and organizing continuous fundraising efforts to support the cause. This experience is not just about donating your time to animals; it\u2019s a rewarding role that spans every area the Foundation works in, and it\u2019s a constant learning experience. The vast expertise of the <em>Save the Dogs\u2019<\/em> staff and experienced volunteers is a continual source of inspiration for me; they are not just companions, but mentors. Through them, I\u2019ve discovered a vocation that\u2019s constantly evolving, cutting-edge, and deeply purpose-driven.<\/p>\n<p>[\/et_pb_text][et_pb_text disabled_on=&#8221;off|on|on&#8221; admin_label=&#8221;Foto Mobile&#8221; _builder_version=&#8221;4.27.4&#8243; _module_preset=&#8221;default&#8221; global_colors_info=&#8221;{}&#8221;]<img loading=\"lazy\" decoding=\"async\" class=\"wp-image-69288 size-medium\" src=\"https:\/\/www.savethedogs.eu\/wp-content\/uploads\/2025\/06\/Vesak_2025_02.png\" alt=\"Collaboratori Save the Dogs\" width=\"450\" height=\"300\" \/>[\/et_pb_text][et_pb_text content_tablet=&#8221;%91caption id=%22attachment_69288%22 align=%22alignright%22 width=%22450%22%93<img class=%22wp-image-69288 size-medium%22 src=%22https:\/\/www.savethedogs.eu\/wp-content\/uploads\/2025\/06\/Amelia-25.png%22 alt=%22Amelia%22 width=%22450%22 height=%22300%22 \/> Amelia%91\/caption%93<\/p>\n<p>Abbiamo trovato <strong>Amelia<\/strong> in un villaggio della campagna rumena, dove la povert\u00e0 \u00e8 ancora profonda e i cani vengono spesso tenuti a catena per tutta la vita. Era legata ad una catena sotto il sole cocente, visibilmente esausta, pelle e ossa. Accanto a lei, i suoi cuccioli nati da poco: gi\u00e0 infestati dai parassiti, senza riparo adeguato e cure.<br \/>\nSiamo intervenuti per portare cibo e acqua, ma Amelia era molto debilitata e abbiamo capito subito che dovevamo portarla via da l\u00ec. Era l\u2019unica possibilit\u00e0 per lei e per i suoi piccoli.<\/p>\n<p><strong>Da quel momento, \u00e8 cominciata la rinascita.<\/strong> Mentre si trovava ancora in catene, Amelia ha conosciuto una coppia italiana che seguiva da tempo il nostro lavoro; sono venuti fino in Romania per incontrarla. Si sono conosciuti e hanno scelto di aspettarla, mentre si riprendeva e si prendeva cura dei suoi piccoli. Mesi di pazienza, amore a distanza, fino al giorno in cui Amelia ha finalmente potuto viaggiare verso la sua nuova casa, poco fuori Milano.<\/p>\n<p><strong>Oggi Amelia \u00e8 libera e amata.<\/strong><\/p>\n<p>Corre nei prati, gioca, esplora il mondo con curiosit\u00e0 e vive circondata da amore e da altri amici a quattro zampe. Vederla cos\u00ec, piena di vita, fa sembrare un lontano ricordo i giorni passati alla catena.<br \/>\nIl suo legame con la nuova famiglia \u00e8 profondo, autentico. \u00c8 il tipo di amore che ci ricorda perch\u00e9 facciamo tutto questo: perch\u00e9 ogni animale  merita di conoscere la libert\u00e0, la gentilezza. Potersi esprimere.<br \/>\nOgni giorno ci imbattiamo in nuovi casi come quello di Amelia.<br \/>\nCani che hanno bisogno di essere curati, o accolti da una famiglia che li ami.<\/p>\n<p><strong>Con il tuo aiuto, possiamo continuare a scrivere storie a lieto fine.<\/strong> Sostienici oggi: insieme, possiamo cambiare il destino di tanti animali vulnerabili.<\/p>\n<p> &#8221; content_phone=&#8221;%91caption id=%22attachment_69288%22 align=%22aligncenter%22 width=%22450%22%93<img class=%22wp-image-69288 size-medium%22 src=%22https:\/\/www.savethedogs.eu\/wp-content\/uploads\/2025\/06\/Amelia-25.png%22 alt=%22Amelia%22 width=%22450%22 height=%22300%22 \/> Amelia%91\/caption%93<\/p>\n<p>Abbiamo trovato <strong>Amelia<\/strong> in un villaggio della campagna rumena, dove la povert\u00e0 \u00e8 ancora profonda e i cani vengono spesso tenuti a catena per tutta la vita. Era legata ad una catena sotto il sole cocente, visibilmente esausta, pelle e ossa. Accanto a lei, i suoi cuccioli nati da poco: gi\u00e0 infestati dai parassiti, senza riparo adeguato e cure.<br \/>\nSiamo intervenuti per portare cibo e acqua, ma Amelia era molto debilitata e abbiamo capito subito che dovevamo portarla via da l\u00ec. Era l\u2019unica possibilit\u00e0 per lei e per i suoi piccoli.<\/p>\n<p><strong>Da quel momento, \u00e8 cominciata la rinascita.<\/strong> Mentre si trovava ancora in catene, Amelia ha conosciuto una coppia italiana che seguiva da tempo il nostro lavoro; sono venuti fino in Romania per incontrarla. Si sono conosciuti e hanno scelto di aspettarla, mentre si riprendeva e si prendeva cura dei suoi piccoli. Mesi di pazienza, amore a distanza, fino al giorno in cui Amelia ha finalmente potuto viaggiare verso la sua nuova casa, poco fuori Milano.<\/p>\n<p><strong>Oggi Amelia \u00e8 libera e amata.<\/strong><\/p>\n<p>Corre nei prati, gioca, esplora il mondo con curiosit\u00e0 e vive circondata da amore e da altri amici a quattro zampe. Vederla cos\u00ec, piena di vita, fa sembrare un lontano ricordo i giorni passati alla catena.<br \/>\nIl suo legame con la nuova famiglia \u00e8 profondo, autentico. \u00c8 il tipo di amore che ci ricorda perch\u00e9 facciamo tutto questo: perch\u00e9 ogni animale  merita di conoscere la libert\u00e0, la gentilezza. Potersi esprimere.<br \/>\nOgni giorno ci imbattiamo in nuovi casi come quello di Amelia.<br \/>\nCani che hanno bisogno di essere curati, o accolti da una famiglia che li ami.<\/p>\n<p><strong>Con il tuo aiuto, possiamo continuare a scrivere storie a lieto fine.<\/strong> Sostienici oggi: insieme, possiamo cambiare il destino di tanti animali vulnerabili.<\/p>\n<p> &#8221; content_last_edited=&#8221;off|desktop&#8221; disabled_on=&#8221;off|on|on&#8221; admin_label=&#8221;Testo Mobile&#8221; _builder_version=&#8221;4.27.4&#8243; _module_preset=&#8221;default&#8221; header_2_font_size=&#8221;24px&#8221; custom_margin=&#8221;||||false|false&#8221; global_colors_info=&#8221;{}&#8221;]<\/p>\n<p>There are times when I think about hopefully continuing to be a part of this family and becoming more involved in the Foundation\u2019s activities, and I wonder, \u201cAm I up to the task?\u201d The simple answer is \u201cI don\u2019t know\u201d, but what I do know is that when I put on my SAVE THE DOGS vest and get to work, I feel like a new person \u2013 I\u2019m finally where I\u2019m meant to be, prepared and ready to face big challenges. In a nutshell, that\u2019s the <em>Save the Dogs<\/em> effect.<\/p>\n<p>[\/et_pb_text][et_pb_text _builder_version=&#8221;4.27.4&#8243; _module_preset=&#8221;default&#8221; global_colors_info=&#8221;{}&#8221;]<\/p>\n<p><strong>FIORELLA\u00a0<\/strong><br \/>Volunteer <em>Save the Dogs<\/em><\/p>\n<p>[\/et_pb_text][\/et_pb_column][\/et_pb_row][et_pb_row _builder_version=&#8221;4.22.2&#8243; _module_preset=&#8221;default&#8221; custom_padding=&#8221;||0px|||&#8221; global_colors_info=&#8221;{}&#8221;][et_pb_column type=&#8221;4_4&#8243; _builder_version=&#8221;4.22.2&#8243; _module_preset=&#8221;default&#8221; global_colors_info=&#8221;{}&#8221;][dssb_sharing_buttons btn_padding=&#8221;||||true|false&#8221; use_global_sharing=&#8221;on&#8221; global_sharing_image=&#8221;custom_image&#8221; global_custom_image=&#8221;https:\/\/www.savethedogs.eu\/wp-content\/uploads\/2025\/06\/UBI-e-Volontariato.png&#8221; columns_tablet=&#8221;&#8221; columns_phone=&#8221;1&#8243; columns_last_edited=&#8221;on|phone&#8221; disabled_on=&#8221;off|off|off&#8221; _builder_version=&#8221;4.27.4&#8243; _module_preset=&#8221;default&#8221; custom_margin=&#8221;6vh||6vh||true|false&#8221; global_colors_info=&#8221;{}&#8221;][dssb_sharing_button social_network=&#8221;whatsapp&#8221; sharing_title=&#8221;custom_title&#8221; network_custom_title=&#8221;Leggi l&#8217;articolo&#8221; button_text=&#8221;Condividi su WhatsApp&#8221; _builder_version=&#8221;4.22.2&#8243; _module_preset=&#8221;default&#8221; global_colors_info=&#8221;{}&#8221;][\/dssb_sharing_button][dssb_sharing_button button_text=&#8221;Condividi su Facebook&#8221; _builder_version=&#8221;4.22.2&#8243; _module_preset=&#8221;default&#8221; global_colors_info=&#8221;{}&#8221;][\/dssb_sharing_button][dssb_sharing_button social_network=&#8221;linkedin&#8221; button_text=&#8221;Condividi su LinkedIn&#8221; _builder_version=&#8221;4.22.2&#8243; _module_preset=&#8221;default&#8221; global_colors_info=&#8221;{}&#8221;][\/dssb_sharing_button][dssb_sharing_button social_network=&#8221;twitter&#8221; button_text=&#8221;Condividi su X&#8221; _builder_version=&#8221;4.22.2&#8243; _module_preset=&#8221;default&#8221; global_colors_info=&#8221;{}&#8221;][\/dssb_sharing_button][\/dssb_sharing_buttons][\/et_pb_column][\/et_pb_row][\/et_pb_section]<\/p>\n","protected":false},"excerpt":{"rendered":"<p>I was at the Save the Dogs stand on 24 and 25 May, alongside fellow team volunteers and collaborators, united in spreading the Foundation\u2019s message&#8230;<\/p>\n","protected":false},"author":57,"featured_media":987521588,"comment_status":"open","ping_status":"open","sticky":false,"template":"","format":"standard","meta":{"_et_pb_use_builder":"on","_et_pb_old_content":"","_et_gb_content_width":"","footnotes":""},"categories":[100],"tags":[],"class_list":["post-987521692","post","type-post","status-publish","format-standard","has-post-thumbnail","hentry","category-news-en-2"],"yoast_head":"<!-- This site is optimized with the Yoast SEO plugin v27.5 - https:\/\/yoast.com\/product\/yoast-seo-wordpress\/ -->\n<title>Volunteering with Save the Dogs: VESAK 2025<\/title>\n<meta name=\"description\" content=\"I was at the Save the Dogs stand on 24 and 25 May, alongside fellow team volunteers and collaborators, united in spreading...\" \/>\n<meta name=\"robots\" content=\"index, follow, max-snippet:-1, max-image-preview:large, max-video-preview:-1\" \/>\n<link rel=\"canonical\" href=\"https:\/\/www.savethedogs.eu\/en\/vesak-volunteer-2025\/\" \/>\n<meta property=\"og:locale\" content=\"en_US\" \/>\n<meta property=\"og:type\" content=\"article\" \/>\n<meta property=\"og:title\" content=\"Volunteering with Save the Dogs: VESAK 2025\" \/>\n<meta property=\"og:description\" content=\"I was at the Save the Dogs stand on 24 and 25 May, alongside fellow team volunteers and collaborators, united in spreading...\" \/>\n<meta property=\"og:url\" content=\"https:\/\/www.savethedogs.eu\/en\/vesak-volunteer-2025\/\" \/>\n<meta property=\"og:site_name\" content=\"Save the Dogs and other Animals ETS\" \/>\n<meta property=\"article:publisher\" content=\"https:\/\/www.facebook.com\/SavetheDogsSTD?ref=bookmarks\" \/>\n<meta property=\"article:published_time\" content=\"2025-06-27T13:23:47+00:00\" \/>\n<meta property=\"article:modified_time\" content=\"2025-06-27T13:26:16+00:00\" \/>\n<meta property=\"og:image\" content=\"https:\/\/www.savethedogs.eu\/wp-content\/uploads\/2025\/06\/UBI-e-Volontariato.png\" \/>\n\t<meta property=\"og:image:width\" content=\"300\" \/>\n\t<meta property=\"og:image:height\" content=\"200\" \/>\n\t<meta property=\"og:image:type\" content=\"image\/png\" \/>\n<meta name=\"author\" content=\"Paolo Boassa\" \/>\n<meta name=\"twitter:card\" content=\"summary_large_image\" \/>\n<meta name=\"twitter:creator\" content=\"@SavetheDogsSTD\" \/>\n<meta name=\"twitter:site\" content=\"@SavetheDogsSTD\" \/>\n<meta name=\"twitter:label1\" content=\"Written by\" \/>\n\t<meta name=\"twitter:data1\" content=\"Paolo Boassa\" \/>\n\t<meta name=\"twitter:label2\" content=\"Est. reading time\" \/>\n\t<meta name=\"twitter:data2\" content=\"13 minutes\" \/>\n<script type=\"application\/ld+json\" class=\"yoast-schema-graph\">{\"@context\":\"https:\\\/\\\/schema.org\",\"@graph\":[{\"@type\":\"Article\",\"@id\":\"https:\\\/\\\/www.savethedogs.eu\\\/en\\\/vesak-volunteer-2025\\\/#article\",\"isPartOf\":{\"@id\":\"https:\\\/\\\/www.savethedogs.eu\\\/en\\\/vesak-volunteer-2025\\\/\"},\"author\":{\"name\":\"Paolo Boassa\",\"@id\":\"https:\\\/\\\/www.savethedogs.eu\\\/#\\\/schema\\\/person\\\/092403593f85ebb39af1bf663c143884\"},\"headline\":\"VESAK 2025 \u2013 The Italian Buddhist Union event as seen through the eyes of a volunteer\",\"datePublished\":\"2025-06-27T13:23:47+00:00\",\"dateModified\":\"2025-06-27T13:26:16+00:00\",\"mainEntityOfPage\":{\"@id\":\"https:\\\/\\\/www.savethedogs.eu\\\/en\\\/vesak-volunteer-2025\\\/\"},\"wordCount\":6184,\"commentCount\":0,\"image\":{\"@id\":\"https:\\\/\\\/www.savethedogs.eu\\\/en\\\/vesak-volunteer-2025\\\/#primaryimage\"},\"thumbnailUrl\":\"https:\\\/\\\/www.savethedogs.eu\\\/wp-content\\\/uploads\\\/2025\\\/06\\\/UBI-e-Volontariato.png\",\"articleSection\":[\"News\"],\"inLanguage\":\"en-US\",\"potentialAction\":[{\"@type\":\"CommentAction\",\"name\":\"Comment\",\"target\":[\"https:\\\/\\\/www.savethedogs.eu\\\/en\\\/vesak-volunteer-2025\\\/#respond\"]}]},{\"@type\":\"WebPage\",\"@id\":\"https:\\\/\\\/www.savethedogs.eu\\\/en\\\/vesak-volunteer-2025\\\/\",\"url\":\"https:\\\/\\\/www.savethedogs.eu\\\/en\\\/vesak-volunteer-2025\\\/\",\"name\":\"Volunteering with Save the Dogs: VESAK 2025\",\"isPartOf\":{\"@id\":\"https:\\\/\\\/www.savethedogs.eu\\\/#website\"},\"primaryImageOfPage\":{\"@id\":\"https:\\\/\\\/www.savethedogs.eu\\\/en\\\/vesak-volunteer-2025\\\/#primaryimage\"},\"image\":{\"@id\":\"https:\\\/\\\/www.savethedogs.eu\\\/en\\\/vesak-volunteer-2025\\\/#primaryimage\"},\"thumbnailUrl\":\"https:\\\/\\\/www.savethedogs.eu\\\/wp-content\\\/uploads\\\/2025\\\/06\\\/UBI-e-Volontariato.png\",\"datePublished\":\"2025-06-27T13:23:47+00:00\",\"dateModified\":\"2025-06-27T13:26:16+00:00\",\"author\":{\"@id\":\"https:\\\/\\\/www.savethedogs.eu\\\/#\\\/schema\\\/person\\\/092403593f85ebb39af1bf663c143884\"},\"description\":\"I was at the Save the Dogs stand on 24 and 25 May, alongside fellow team volunteers and collaborators, united in spreading...\",\"breadcrumb\":{\"@id\":\"https:\\\/\\\/www.savethedogs.eu\\\/en\\\/vesak-volunteer-2025\\\/#breadcrumb\"},\"inLanguage\":\"en-US\",\"potentialAction\":[{\"@type\":\"ReadAction\",\"target\":[\"https:\\\/\\\/www.savethedogs.eu\\\/en\\\/vesak-volunteer-2025\\\/\"]}]},{\"@type\":\"ImageObject\",\"inLanguage\":\"en-US\",\"@id\":\"https:\\\/\\\/www.savethedogs.eu\\\/en\\\/vesak-volunteer-2025\\\/#primaryimage\",\"url\":\"https:\\\/\\\/www.savethedogs.eu\\\/wp-content\\\/uploads\\\/2025\\\/06\\\/UBI-e-Volontariato.png\",\"contentUrl\":\"https:\\\/\\\/www.savethedogs.eu\\\/wp-content\\\/uploads\\\/2025\\\/06\\\/UBI-e-Volontariato.png\",\"width\":300,\"height\":200},{\"@type\":\"BreadcrumbList\",\"@id\":\"https:\\\/\\\/www.savethedogs.eu\\\/en\\\/vesak-volunteer-2025\\\/#breadcrumb\",\"itemListElement\":[{\"@type\":\"ListItem\",\"position\":1,\"name\":\"Home\",\"item\":\"https:\\\/\\\/www.savethedogs.eu\\\/en\\\/\"},{\"@type\":\"ListItem\",\"position\":2,\"name\":\"VESAK 2025 \u2013 The Italian Buddhist Union event as seen through the eyes of a volunteer\"}]},{\"@type\":\"WebSite\",\"@id\":\"https:\\\/\\\/www.savethedogs.eu\\\/#website\",\"url\":\"https:\\\/\\\/www.savethedogs.eu\\\/\",\"name\":\"Save the Dogs and other Animals ETS\",\"description\":\"Save the Dogs ha come mission la prevenzione del randagismo e del sovrappopolamento canino e felino attraverso la sterilizzazione e la salvaguardia degli animali da compagnia.\",\"potentialAction\":[{\"@type\":\"SearchAction\",\"target\":{\"@type\":\"EntryPoint\",\"urlTemplate\":\"https:\\\/\\\/www.savethedogs.eu\\\/?s={search_term_string}\"},\"query-input\":{\"@type\":\"PropertyValueSpecification\",\"valueRequired\":true,\"valueName\":\"search_term_string\"}}],\"inLanguage\":\"en-US\"},{\"@type\":\"Person\",\"@id\":\"https:\\\/\\\/www.savethedogs.eu\\\/#\\\/schema\\\/person\\\/092403593f85ebb39af1bf663c143884\",\"name\":\"Paolo Boassa\",\"image\":{\"@type\":\"ImageObject\",\"inLanguage\":\"en-US\",\"@id\":\"https:\\\/\\\/secure.gravatar.com\\\/avatar\\\/2a9f3685a28ed3f04d59adef96dbf7917f99107fca0bfcad33d300088db6a1b6?s=96&d=mm&r=g\",\"url\":\"https:\\\/\\\/secure.gravatar.com\\\/avatar\\\/2a9f3685a28ed3f04d59adef96dbf7917f99107fca0bfcad33d300088db6a1b6?s=96&d=mm&r=g\",\"contentUrl\":\"https:\\\/\\\/secure.gravatar.com\\\/avatar\\\/2a9f3685a28ed3f04d59adef96dbf7917f99107fca0bfcad33d300088db6a1b6?s=96&d=mm&r=g\",\"caption\":\"Paolo Boassa\"},\"url\":\"https:\\\/\\\/www.savethedogs.eu\\\/en\\\/author\\\/paolo-boassa\\\/\"}]}<\/script>\n<!-- \/ Yoast SEO plugin. -->","yoast_head_json":{"title":"Volunteering with Save the Dogs: VESAK 2025","description":"I was at the Save the Dogs stand on 24 and 25 May, alongside fellow team volunteers and collaborators, united in spreading...","robots":{"index":"index","follow":"follow","max-snippet":"max-snippet:-1","max-image-preview":"max-image-preview:large","max-video-preview":"max-video-preview:-1"},"canonical":"https:\/\/www.savethedogs.eu\/en\/vesak-volunteer-2025\/","og_locale":"en_US","og_type":"article","og_title":"Volunteering with Save the Dogs: VESAK 2025","og_description":"I was at the Save the Dogs stand on 24 and 25 May, alongside fellow team volunteers and collaborators, united in spreading...","og_url":"https:\/\/www.savethedogs.eu\/en\/vesak-volunteer-2025\/","og_site_name":"Save the Dogs and other Animals ETS","article_publisher":"https:\/\/www.facebook.com\/SavetheDogsSTD?ref=bookmarks","article_published_time":"2025-06-27T13:23:47+00:00","article_modified_time":"2025-06-27T13:26:16+00:00","og_image":[{"width":300,"height":200,"url":"https:\/\/www.savethedogs.eu\/wp-content\/uploads\/2025\/06\/UBI-e-Volontariato.png","type":"image\/png"}],"author":"Paolo Boassa","twitter_card":"summary_large_image","twitter_creator":"@SavetheDogsSTD","twitter_site":"@SavetheDogsSTD","twitter_misc":{"Written by":"Paolo Boassa","Est. reading time":"13 minutes"},"schema":{"@context":"https:\/\/schema.org","@graph":[{"@type":"Article","@id":"https:\/\/www.savethedogs.eu\/en\/vesak-volunteer-2025\/#article","isPartOf":{"@id":"https:\/\/www.savethedogs.eu\/en\/vesak-volunteer-2025\/"},"author":{"name":"Paolo Boassa","@id":"https:\/\/www.savethedogs.eu\/#\/schema\/person\/092403593f85ebb39af1bf663c143884"},"headline":"VESAK 2025 \u2013 The Italian Buddhist Union event as seen through the eyes of a volunteer","datePublished":"2025-06-27T13:23:47+00:00","dateModified":"2025-06-27T13:26:16+00:00","mainEntityOfPage":{"@id":"https:\/\/www.savethedogs.eu\/en\/vesak-volunteer-2025\/"},"wordCount":6184,"commentCount":0,"image":{"@id":"https:\/\/www.savethedogs.eu\/en\/vesak-volunteer-2025\/#primaryimage"},"thumbnailUrl":"https:\/\/www.savethedogs.eu\/wp-content\/uploads\/2025\/06\/UBI-e-Volontariato.png","articleSection":["News"],"inLanguage":"en-US","potentialAction":[{"@type":"CommentAction","name":"Comment","target":["https:\/\/www.savethedogs.eu\/en\/vesak-volunteer-2025\/#respond"]}]},{"@type":"WebPage","@id":"https:\/\/www.savethedogs.eu\/en\/vesak-volunteer-2025\/","url":"https:\/\/www.savethedogs.eu\/en\/vesak-volunteer-2025\/","name":"Volunteering with Save the Dogs: VESAK 2025","isPartOf":{"@id":"https:\/\/www.savethedogs.eu\/#website"},"primaryImageOfPage":{"@id":"https:\/\/www.savethedogs.eu\/en\/vesak-volunteer-2025\/#primaryimage"},"image":{"@id":"https:\/\/www.savethedogs.eu\/en\/vesak-volunteer-2025\/#primaryimage"},"thumbnailUrl":"https:\/\/www.savethedogs.eu\/wp-content\/uploads\/2025\/06\/UBI-e-Volontariato.png","datePublished":"2025-06-27T13:23:47+00:00","dateModified":"2025-06-27T13:26:16+00:00","author":{"@id":"https:\/\/www.savethedogs.eu\/#\/schema\/person\/092403593f85ebb39af1bf663c143884"},"description":"I was at the Save the Dogs stand on 24 and 25 May, alongside fellow team volunteers and collaborators, united in spreading...","breadcrumb":{"@id":"https:\/\/www.savethedogs.eu\/en\/vesak-volunteer-2025\/#breadcrumb"},"inLanguage":"en-US","potentialAction":[{"@type":"ReadAction","target":["https:\/\/www.savethedogs.eu\/en\/vesak-volunteer-2025\/"]}]},{"@type":"ImageObject","inLanguage":"en-US","@id":"https:\/\/www.savethedogs.eu\/en\/vesak-volunteer-2025\/#primaryimage","url":"https:\/\/www.savethedogs.eu\/wp-content\/uploads\/2025\/06\/UBI-e-Volontariato.png","contentUrl":"https:\/\/www.savethedogs.eu\/wp-content\/uploads\/2025\/06\/UBI-e-Volontariato.png","width":300,"height":200},{"@type":"BreadcrumbList","@id":"https:\/\/www.savethedogs.eu\/en\/vesak-volunteer-2025\/#breadcrumb","itemListElement":[{"@type":"ListItem","position":1,"name":"Home","item":"https:\/\/www.savethedogs.eu\/en\/"},{"@type":"ListItem","position":2,"name":"VESAK 2025 \u2013 The Italian Buddhist Union event as seen through the eyes of a volunteer"}]},{"@type":"WebSite","@id":"https:\/\/www.savethedogs.eu\/#website","url":"https:\/\/www.savethedogs.eu\/","name":"Save the Dogs and other Animals ETS","description":"Save the Dogs ha come mission la prevenzione del randagismo e del sovrappopolamento canino e felino attraverso la sterilizzazione e la salvaguardia degli animali da compagnia.","potentialAction":[{"@type":"SearchAction","target":{"@type":"EntryPoint","urlTemplate":"https:\/\/www.savethedogs.eu\/?s={search_term_string}"},"query-input":{"@type":"PropertyValueSpecification","valueRequired":true,"valueName":"search_term_string"}}],"inLanguage":"en-US"},{"@type":"Person","@id":"https:\/\/www.savethedogs.eu\/#\/schema\/person\/092403593f85ebb39af1bf663c143884","name":"Paolo Boassa","image":{"@type":"ImageObject","inLanguage":"en-US","@id":"https:\/\/secure.gravatar.com\/avatar\/2a9f3685a28ed3f04d59adef96dbf7917f99107fca0bfcad33d300088db6a1b6?s=96&d=mm&r=g","url":"https:\/\/secure.gravatar.com\/avatar\/2a9f3685a28ed3f04d59adef96dbf7917f99107fca0bfcad33d300088db6a1b6?s=96&d=mm&r=g","contentUrl":"https:\/\/secure.gravatar.com\/avatar\/2a9f3685a28ed3f04d59adef96dbf7917f99107fca0bfcad33d300088db6a1b6?s=96&d=mm&r=g","caption":"Paolo Boassa"},"url":"https:\/\/www.savethedogs.eu\/en\/author\/paolo-boassa\/"}]}},"_links":{"self":[{"href":"https:\/\/www.savethedogs.eu\/en\/wp-json\/wp\/v2\/posts\/987521692","targetHints":{"allow":["GET"]}}],"collection":[{"href":"https:\/\/www.savethedogs.eu\/en\/wp-json\/wp\/v2\/posts"}],"about":[{"href":"https:\/\/www.savethedogs.eu\/en\/wp-json\/wp\/v2\/types\/post"}],"author":[{"embeddable":true,"href":"https:\/\/www.savethedogs.eu\/en\/wp-json\/wp\/v2\/users\/57"}],"replies":[{"embeddable":true,"href":"https:\/\/www.savethedogs.eu\/en\/wp-json\/wp\/v2\/comments?post=987521692"}],"version-history":[{"count":4,"href":"https:\/\/www.savethedogs.eu\/en\/wp-json\/wp\/v2\/posts\/987521692\/revisions"}],"predecessor-version":[{"id":987521723,"href":"https:\/\/www.savethedogs.eu\/en\/wp-json\/wp\/v2\/posts\/987521692\/revisions\/987521723"}],"wp:featuredmedia":[{"embeddable":true,"href":"https:\/\/www.savethedogs.eu\/en\/wp-json\/wp\/v2\/media\/987521588"}],"wp:attachment":[{"href":"https:\/\/www.savethedogs.eu\/en\/wp-json\/wp\/v2\/media?parent=987521692"}],"wp:term":[{"taxonomy":"category","embeddable":true,"href":"https:\/\/www.savethedogs.eu\/en\/wp-json\/wp\/v2\/categories?post=987521692"},{"taxonomy":"post_tag","embeddable":true,"href":"https:\/\/www.savethedogs.eu\/en\/wp-json\/wp\/v2\/tags?post=987521692"}],"curies":[{"name":"wp","href":"https:\/\/api.w.org\/{rel}","templated":true}]}}