{"id":987521725,"date":"2025-06-27T15:56:37","date_gmt":"2025-06-27T13:56:37","guid":{"rendered":"https:\/\/www.savethedogs.eu\/?p=987521725"},"modified":"2025-06-27T15:56:48","modified_gmt":"2025-06-27T13:56:48","slug":"sormani-milan-june2025","status":"publish","type":"post","link":"https:\/\/www.savethedogs.eu\/en\/sormani-milan-june2025\/","title":{"rendered":"Expanded edition of Sara Turetta&#8217;s autobiography unveiled at the Sormani Library"},"content":{"rendered":"<p>[et_pb_section fb_built=&#8221;1&#8243; fullwidth=&#8221;on&#8221; _builder_version=&#8221;4.16&#8243; _module_preset=&#8221;default&#8221; da_disable_devices=&#8221;off|off|off&#8221; global_colors_info=&#8221;{}&#8221; theme_builder_area=&#8221;post_content&#8221; da_is_popup=&#8221;off&#8221; da_exit_intent=&#8221;off&#8221; da_has_close=&#8221;on&#8221; da_alt_close=&#8221;off&#8221; da_dark_close=&#8221;off&#8221; da_not_modal=&#8221;on&#8221; da_is_singular=&#8221;off&#8221; da_with_loader=&#8221;off&#8221; da_has_shadow=&#8221;on&#8221;][et_pb_fullwidth_header title=&#8221;Expanded edition of Sara Turetta&#8217;s autobiography unveiled at the Sormani Library&#8221; admin_label=&#8221;Intestazione a Larghezza Piena&#8221; _builder_version=&#8221;4.27.4&#8243; _module_preset=&#8221;default&#8221; hover_enabled=&#8221;0&#8243; global_colors_info=&#8221;{}&#8221; subhead__hover_enabled=&#8221;off|desktop&#8221; theme_builder_area=&#8221;post_content&#8221; sticky_enabled=&#8221;0&#8243;][\/et_pb_fullwidth_header][\/et_pb_section][et_pb_section fb_built=&#8221;1&#8243; _builder_version=&#8221;4.16&#8243; _module_preset=&#8221;default&#8221; da_disable_devices=&#8221;off|off|off&#8221; global_colors_info=&#8221;{}&#8221; theme_builder_area=&#8221;post_content&#8221; da_is_popup=&#8221;off&#8221; da_exit_intent=&#8221;off&#8221; da_has_close=&#8221;on&#8221; da_alt_close=&#8221;off&#8221; da_dark_close=&#8221;off&#8221; da_not_modal=&#8221;on&#8221; da_is_singular=&#8221;off&#8221; da_with_loader=&#8221;off&#8221; da_has_shadow=&#8221;on&#8221;][et_pb_row _builder_version=&#8221;4.22.2&#8243; _module_preset=&#8221;default&#8221; custom_padding=&#8221;||0px|||&#8221; global_colors_info=&#8221;{}&#8221; theme_builder_area=&#8221;post_content&#8221;][et_pb_column type=&#8221;4_4&#8243; _builder_version=&#8221;4.22.2&#8243; _module_preset=&#8221;default&#8221; global_colors_info=&#8221;{}&#8221; theme_builder_area=&#8221;post_content&#8221;][et_pb_text content_tablet=&#8221;%91caption id=%22attachment_69288%22 align=%22alignright%22 width=%22450%22%93<img class=%22wp-image-69288 size-medium%22 src=%22https:\/\/www.savethedogs.eu\/wp-content\/uploads\/2025\/06\/Sara-Turetta-sul-palco.png%22 alt=%22Sara Turetta durante la presentazione dell'edizione ampliata della sua autobiografia%22 width=%22450%22 height=%22300%22 \/> Sara Turetta durante la presentazione dell&#8217;edizione ampliata della sua autobiografia%91\/caption%93<\/p>\n<p>Lo scorso <strong>12 giugno<\/strong>, presso la prestigiosa sede della <strong>Biblioteca Sormani di Milano<\/strong>, si \u00e8 tenuta la presentazione dell\u2019edizione ampliata dell\u2019autobiografia di <strong>Sara Turetta<\/strong>, fondatrice e presidente di <em>Save the Dogs and other Animals<\/em> ETS.<\/p>\n<p>L\u2019evento ha registrato una partecipazione numerosa e attenta, con la presenza di sostenitori, e cittadini interessati alla storia di un\u2019esperienza ventennale di impegno per il benessere animale e la giustizia sociale. Durante l\u2019incontro sono stati approfonditi i principali temi trattati nel libro, che ripercorre la storia della fondatrice dalla sua scelta di lasciare il mondo della comunicazione in Italia, alla nascita e allo sviluppo di <em>Save the Dogs<\/em> in Romania, fino alle attivit\u00e0 pi\u00f9 recenti in Italia.<\/p>\n<p>Un sentito ringraziamento va alla <strong>casa editrice Sonda<\/strong>, che ha creduto nel valore della testimonianza e si \u00e8 impegnata a <strong>donare 1 euro per ogni copia venduta<\/strong> a sostegno dei progetti di <em>Save the Dogs<\/em>. Un grazie particolare anche a <strong>Marina Beraha<\/strong>, ricercatrice in Filosofia morale, che ha condotto la presentazione offrendo spunti di riflessione profondi, e a <strong>Federica Chiesa<\/strong>, nostra affezionata sostenitrice, che ha reso possibile la realizzazione dell\u2019evento.<br \/>\n &#8221; content_phone=&#8221;%91caption id=%22attachment_69288%22 align=%22aligncenter%22 width=%22450%22%93<img class=%22wp-image-69288 size-medium%22 src=%22https:\/\/www.savethedogs.eu\/wp-content\/uploads\/2025\/06\/Sara-Turetta-sul-palco.png%22 alt=%22Sara Turetta durante la presentazione dell'edizione ampliata della sua autobiografia%22 width=%22450%22 height=%22300%22 \/> Sara Turetta durante la presentazione dell&#8217;edizione ampliata della sua autobiografia%91\/caption%93<\/p>\n<p>Lo scorso <strong>12 giugno<\/strong>, presso la prestigiosa sede della <strong>Biblioteca Sormani di Milano<\/strong>, si \u00e8 tenuta la presentazione dell\u2019edizione ampliata dell\u2019autobiografia di <strong>Sara Turetta<\/strong>, fondatrice e presidente di <em>Save the Dogs and other Animals<\/em> ETS.<\/p>\n<p>L\u2019evento ha registrato una partecipazione numerosa e attenta, con la presenza di sostenitori, e cittadini interessati alla storia di un\u2019esperienza ventennale di impegno per il benessere animale e la giustizia sociale. Durante l\u2019incontro sono stati approfonditi i principali temi trattati nel libro, che ripercorre la storia della fondatrice dalla sua scelta di lasciare il mondo della comunicazione in Italia, alla nascita e allo sviluppo di <em>Save the Dogs<\/em> in Romania, fino alle attivit\u00e0 pi\u00f9 recenti in Italia.<\/p>\n<p>Un sentito ringraziamento va alla <strong>casa editrice Sonda<\/strong>, che ha creduto nel valore della testimonianza e si \u00e8 impegnata a <strong>donare 1 euro per ogni copia venduta<\/strong> a sostegno dei progetti di <em>Save the Dogs<\/em>. Un grazie particolare anche a <strong>Marina Beraha<\/strong>, ricercatrice in Filosofia morale, che ha condotto la presentazione offrendo spunti di riflessione profondi, e a <strong>Federica Chiesa<\/strong>, nostra affezionata sostenitrice, che ha reso possibile la realizzazione dell\u2019evento.<\/p>\n<p>&#8221; content_last_edited=&#8221;on|desktop&#8221; disabled_on=&#8221;off|off|off&#8221; admin_label=&#8221;Testo&#8221; _builder_version=&#8221;4.27.4&#8243; _module_preset=&#8221;default&#8221; header_2_font_size=&#8221;24px&#8221; custom_margin=&#8221;||||false|false&#8221; hover_enabled=&#8221;0&#8243; global_colors_info=&#8221;{}&#8221; theme_builder_area=&#8221;post_content&#8221; sticky_enabled=&#8221;0&#8243;]<div id=\"attachment_69288\" style=\"width: 460px\" class=\"wp-caption alignright\"><img loading=\"lazy\" decoding=\"async\" aria-describedby=\"caption-attachment-69288\" class=\"wp-image-69288 size-medium\" src=\"https:\/\/www.savethedogs.eu\/wp-content\/uploads\/2025\/06\/Sara-Turetta-sul-palco.png\" alt=\"Sara Turetta\" width=\"450\" height=\"300\" \/><p id=\"caption-attachment-69288\" class=\"wp-caption-text\">Sara Turetta<\/p><\/div><\/p>\n<p>The expanded edition of the autobiography of Sara Turetta, the founder and president of <em>Save the Dogs and other Animals ETS<\/em>, was presented at the prestigious<strong>\u00a0Sormani library <\/strong><strong>in Milan<\/strong> on <strong>12 June<\/strong>.<\/p>\n<p>Sara shared her story with a large, engaged audience of supporters and citizens fascinated by her twenty-year journey advocating for animal welfare and social justice.<\/p>\n<p>The event delved into the key themes of the book, which recounts the founder\u2019s journey, from her decision to leave the world of communication in Italy to the creation and development of <em>Save the<\/em> <em>Dogs<\/em> in Romania, and right up to the organization\u2019s most recent activities in Italy.<\/p>\n<p>Heartfelt thanks go to <strong>publishing house Sonda<\/strong>, who believed in the importance of this testimony and pledged to <strong>donate 1 Euro for every copy sold<\/strong> to help fund <em>Save the Dogs<\/em>&#8216; projects.<\/p>\n<p>We would also like to express our sincere gratitude to<strong> Marina Beraha<\/strong>, a researcher in Moral Philosophy, who led the presentation and offered thought-provoking reflections, and to <strong>Federica<\/strong> <strong>Chiesa<\/strong>, a cherished supporter, who helped make the event possible.<\/p>\n<p>\u200b[\/et_pb_text][\/et_pb_column][\/et_pb_row][et_pb_row _builder_version=&#8221;4.22.2&#8243; _module_preset=&#8221;default&#8221; custom_padding=&#8221;||0px|||&#8221; global_colors_info=&#8221;{}&#8221; theme_builder_area=&#8221;post_content&#8221;][et_pb_column type=&#8221;4_4&#8243; _builder_version=&#8221;4.22.2&#8243; _module_preset=&#8221;default&#8221; global_colors_info=&#8221;{}&#8221; theme_builder_area=&#8221;post_content&#8221;][et_pb_text content_tablet=&#8221;%91caption id=%22attachment_69288%22 align=%22alignright%22 width=%22450%22%93<img class=%22wp-image-69288 size-medium%22 src=%22https:\/\/www.savethedogs.eu\/wp-content\/uploads\/2025\/06\/Amelia-25.png%22 alt=%22Amelia%22 width=%22450%22 height=%22300%22 \/> Amelia%91\/caption%93<\/p>\n<p>Abbiamo trovato <strong>Amelia<\/strong> in un villaggio della campagna rumena, dove la povert\u00e0 \u00e8 ancora profonda e i cani vengono spesso tenuti a catena per tutta la vita. Era legata ad una catena sotto il sole cocente, visibilmente esausta, pelle e ossa. Accanto a lei, i suoi cuccioli nati da poco: gi\u00e0 infestati dai parassiti, senza riparo adeguato e cure.<br \/>\nSiamo intervenuti per portare cibo e acqua, ma Amelia era molto debilitata e abbiamo capito subito che dovevamo portarla via da l\u00ec. Era l\u2019unica possibilit\u00e0 per lei e per i suoi piccoli.<\/p>\n<p><strong>Da quel momento, \u00e8 cominciata la rinascita.<\/strong> Mentre si trovava ancora in catene, Amelia ha conosciuto una coppia italiana che seguiva da tempo il nostro lavoro; sono venuti fino in Romania per incontrarla. Si sono conosciuti e hanno scelto di aspettarla, mentre si riprendeva e si prendeva cura dei suoi piccoli. Mesi di pazienza, amore a distanza, fino al giorno in cui Amelia ha finalmente potuto viaggiare verso la sua nuova casa, poco fuori Milano.<\/p>\n<p><strong>Oggi Amelia \u00e8 libera e amata.<\/strong><\/p>\n<p>Corre nei prati, gioca, esplora il mondo con curiosit\u00e0 e vive circondata da amore e da altri amici a quattro zampe. Vederla cos\u00ec, piena di vita, fa sembrare un lontano ricordo i giorni passati alla catena.<br \/>\nIl suo legame con la nuova famiglia \u00e8 profondo, autentico. \u00c8 il tipo di amore che ci ricorda perch\u00e9 facciamo tutto questo: perch\u00e9 ogni animale  merita di conoscere la libert\u00e0, la gentilezza. Potersi esprimere.<br \/>\nOgni giorno ci imbattiamo in nuovi casi come quello di Amelia.<br \/>\nCani che hanno bisogno di essere curati, o accolti da una famiglia che li ami.<\/p>\n<p><strong>Con il tuo aiuto, possiamo continuare a scrivere storie a lieto fine.<\/strong> Sostienici oggi: insieme, possiamo cambiare il destino di tanti animali vulnerabili.<\/p>\n<p> &#8221; content_phone=&#8221;%91caption id=%22attachment_69288%22 align=%22aligncenter%22 width=%22450%22%93<img class=%22wp-image-69288 size-medium%22 src=%22https:\/\/www.savethedogs.eu\/wp-content\/uploads\/2025\/06\/Amelia-25.png%22 alt=%22Amelia%22 width=%22450%22 height=%22300%22 \/> Amelia%91\/caption%93<\/p>\n<p>Abbiamo trovato <strong>Amelia<\/strong> in un villaggio della campagna rumena, dove la povert\u00e0 \u00e8 ancora profonda e i cani vengono spesso tenuti a catena per tutta la vita. Era legata ad una catena sotto il sole cocente, visibilmente esausta, pelle e ossa. Accanto a lei, i suoi cuccioli nati da poco: gi\u00e0 infestati dai parassiti, senza riparo adeguato e cure.<br \/>\nSiamo intervenuti per portare cibo e acqua, ma Amelia era molto debilitata e abbiamo capito subito che dovevamo portarla via da l\u00ec. Era l\u2019unica possibilit\u00e0 per lei e per i suoi piccoli.<\/p>\n<p><strong>Da quel momento, \u00e8 cominciata la rinascita.<\/strong> Mentre si trovava ancora in catene, Amelia ha conosciuto una coppia italiana che seguiva da tempo il nostro lavoro; sono venuti fino in Romania per incontrarla. Si sono conosciuti e hanno scelto di aspettarla, mentre si riprendeva e si prendeva cura dei suoi piccoli. Mesi di pazienza, amore a distanza, fino al giorno in cui Amelia ha finalmente potuto viaggiare verso la sua nuova casa, poco fuori Milano.<\/p>\n<p><strong>Oggi Amelia \u00e8 libera e amata.<\/strong><\/p>\n<p>Corre nei prati, gioca, esplora il mondo con curiosit\u00e0 e vive circondata da amore e da altri amici a quattro zampe. Vederla cos\u00ec, piena di vita, fa sembrare un lontano ricordo i giorni passati alla catena.<br \/>\nIl suo legame con la nuova famiglia \u00e8 profondo, autentico. \u00c8 il tipo di amore che ci ricorda perch\u00e9 facciamo tutto questo: perch\u00e9 ogni animale  merita di conoscere la libert\u00e0, la gentilezza. Potersi esprimere.<br \/>\nOgni giorno ci imbattiamo in nuovi casi come quello di Amelia.<br \/>\nCani che hanno bisogno di essere curati, o accolti da una famiglia che li ami.<\/p>\n<p><strong>Con il tuo aiuto, possiamo continuare a scrivere storie a lieto fine.<\/strong> Sostienici oggi: insieme, possiamo cambiare il destino di tanti animali vulnerabili.<\/p>\n<p> &#8221; content_last_edited=&#8221;off|desktop&#8221; disabled_on=&#8221;on|off|off&#8221; admin_label=&#8221;Testo&#8221; _builder_version=&#8221;4.27.4&#8243; _module_preset=&#8221;default&#8221; header_2_font_size=&#8221;24px&#8221; custom_margin=&#8221;||||false|false&#8221; hover_enabled=&#8221;0&#8243; global_colors_info=&#8221;{}&#8221; theme_builder_area=&#8221;post_content&#8221; sticky_enabled=&#8221;0&#8243;]<\/p>\n<p>This initiative was a important opportunity to engage in dialogue and raise awareness about the key issues at the heart of the Foundation\u2019s mission, further strengthening the bond between the organization and its community of supporters.<\/p>\n<p>[\/et_pb_text][et_pb_text disabled_on=&#8221;off|on|on&#8221; admin_label=&#8221;Foto Mobile&#8221; _builder_version=&#8221;4.27.4&#8243; _module_preset=&#8221;default&#8221; global_colors_info=&#8221;{}&#8221; theme_builder_area=&#8221;post_content&#8221;]<img loading=\"lazy\" decoding=\"async\" class=\"wp-image-69288 size-medium\" src=\"https:\/\/www.savethedogs.eu\/wp-content\/uploads\/2025\/06\/Edizione-Ampliata.png\" alt=\"Edizione ampliata\" width=\"450\" height=\"300\" \/>[\/et_pb_text][et_pb_text content_tablet=&#8221;%91caption id=%22attachment_69288%22 align=%22alignright%22 width=%22450%22%93<img class=%22wp-image-69288 size-medium%22 src=%22https:\/\/www.savethedogs.eu\/wp-content\/uploads\/2025\/06\/Amelia-25.png%22 alt=%22Amelia%22 width=%22450%22 height=%22300%22 \/> Amelia%91\/caption%93<\/p>\n<p>Abbiamo trovato <strong>Amelia<\/strong> in un villaggio della campagna rumena, dove la povert\u00e0 \u00e8 ancora profonda e i cani vengono spesso tenuti a catena per tutta la vita. Era legata ad una catena sotto il sole cocente, visibilmente esausta, pelle e ossa. Accanto a lei, i suoi cuccioli nati da poco: gi\u00e0 infestati dai parassiti, senza riparo adeguato e cure.<br \/>\nSiamo intervenuti per portare cibo e acqua, ma Amelia era molto debilitata e abbiamo capito subito che dovevamo portarla via da l\u00ec. Era l\u2019unica possibilit\u00e0 per lei e per i suoi piccoli.<\/p>\n<p><strong>Da quel momento, \u00e8 cominciata la rinascita.<\/strong> Mentre si trovava ancora in catene, Amelia ha conosciuto una coppia italiana che seguiva da tempo il nostro lavoro; sono venuti fino in Romania per incontrarla. Si sono conosciuti e hanno scelto di aspettarla, mentre si riprendeva e si prendeva cura dei suoi piccoli. Mesi di pazienza, amore a distanza, fino al giorno in cui Amelia ha finalmente potuto viaggiare verso la sua nuova casa, poco fuori Milano.<\/p>\n<p><strong>Oggi Amelia \u00e8 libera e amata.<\/strong><\/p>\n<p>Corre nei prati, gioca, esplora il mondo con curiosit\u00e0 e vive circondata da amore e da altri amici a quattro zampe. Vederla cos\u00ec, piena di vita, fa sembrare un lontano ricordo i giorni passati alla catena.<br \/>\nIl suo legame con la nuova famiglia \u00e8 profondo, autentico. \u00c8 il tipo di amore che ci ricorda perch\u00e9 facciamo tutto questo: perch\u00e9 ogni animale  merita di conoscere la libert\u00e0, la gentilezza. Potersi esprimere.<br \/>\nOgni giorno ci imbattiamo in nuovi casi come quello di Amelia.<br \/>\nCani che hanno bisogno di essere curati, o accolti da una famiglia che li ami.<\/p>\n<p><strong>Con il tuo aiuto, possiamo continuare a scrivere storie a lieto fine.<\/strong> Sostienici oggi: insieme, possiamo cambiare il destino di tanti animali vulnerabili.<\/p>\n<p> &#8221; content_phone=&#8221;%91caption id=%22attachment_69288%22 align=%22aligncenter%22 width=%22450%22%93<img class=%22wp-image-69288 size-medium%22 src=%22https:\/\/www.savethedogs.eu\/wp-content\/uploads\/2025\/06\/Amelia-25.png%22 alt=%22Amelia%22 width=%22450%22 height=%22300%22 \/> Amelia%91\/caption%93<\/p>\n<p>Abbiamo trovato <strong>Amelia<\/strong> in un villaggio della campagna rumena, dove la povert\u00e0 \u00e8 ancora profonda e i cani vengono spesso tenuti a catena per tutta la vita. Era legata ad una catena sotto il sole cocente, visibilmente esausta, pelle e ossa. Accanto a lei, i suoi cuccioli nati da poco: gi\u00e0 infestati dai parassiti, senza riparo adeguato e cure.<br \/>\nSiamo intervenuti per portare cibo e acqua, ma Amelia era molto debilitata e abbiamo capito subito che dovevamo portarla via da l\u00ec. Era l\u2019unica possibilit\u00e0 per lei e per i suoi piccoli.<\/p>\n<p><strong>Da quel momento, \u00e8 cominciata la rinascita.<\/strong> Mentre si trovava ancora in catene, Amelia ha conosciuto una coppia italiana che seguiva da tempo il nostro lavoro; sono venuti fino in Romania per incontrarla. Si sono conosciuti e hanno scelto di aspettarla, mentre si riprendeva e si prendeva cura dei suoi piccoli. Mesi di pazienza, amore a distanza, fino al giorno in cui Amelia ha finalmente potuto viaggiare verso la sua nuova casa, poco fuori Milano.<\/p>\n<p><strong>Oggi Amelia \u00e8 libera e amata.<\/strong><\/p>\n<p>Corre nei prati, gioca, esplora il mondo con curiosit\u00e0 e vive circondata da amore e da altri amici a quattro zampe. Vederla cos\u00ec, piena di vita, fa sembrare un lontano ricordo i giorni passati alla catena.<br \/>\nIl suo legame con la nuova famiglia \u00e8 profondo, autentico. \u00c8 il tipo di amore che ci ricorda perch\u00e9 facciamo tutto questo: perch\u00e9 ogni animale  merita di conoscere la libert\u00e0, la gentilezza. Potersi esprimere.<br \/>\nOgni giorno ci imbattiamo in nuovi casi come quello di Amelia.<br \/>\nCani che hanno bisogno di essere curati, o accolti da una famiglia che li ami.<\/p>\n<p><strong>Con il tuo aiuto, possiamo continuare a scrivere storie a lieto fine.<\/strong> Sostienici oggi: insieme, possiamo cambiare il destino di tanti animali vulnerabili.<\/p>\n<p> &#8221; content_last_edited=&#8221;off|desktop&#8221; disabled_on=&#8221;off|on|on&#8221; admin_label=&#8221;Testo Mobile&#8221; _builder_version=&#8221;4.27.4&#8243; _module_preset=&#8221;default&#8221; header_2_font_size=&#8221;24px&#8221; custom_margin=&#8221;||||false|false&#8221; hover_enabled=&#8221;0&#8243; global_colors_info=&#8221;{}&#8221; theme_builder_area=&#8221;post_content&#8221; sticky_enabled=&#8221;0&#8243;]<\/p>\n<p>This initiative was a important opportunity to engage in dialogue and raise awareness about the key issues at the heart of the Foundation\u2019s mission, further strengthening the bond between the organization and its community of supporters.<\/p>\n<p>[\/et_pb_text][\/et_pb_column][\/et_pb_row][et_pb_row column_structure=&#8221;1_3,1_3,1_3&#8243; disabled_on=&#8221;on|off|off&#8221; _builder_version=&#8221;4.27.4&#8243; _module_preset=&#8221;default&#8221; global_colors_info=&#8221;{}&#8221; theme_builder_area=&#8221;post_content&#8221;][et_pb_column type=&#8221;1_3&#8243; _builder_version=&#8221;4.27.4&#8243; _module_preset=&#8221;default&#8221; global_colors_info=&#8221;{}&#8221; theme_builder_area=&#8221;post_content&#8221;][et_pb_text _builder_version=&#8221;4.27.4&#8243; _module_preset=&#8221;default&#8221; global_colors_info=&#8221;{}&#8221; theme_builder_area=&#8221;post_content&#8221;]<\/p>\n<p><img loading=\"lazy\" decoding=\"async\" class=\"wp-image-69288 size-medium aligncenter\" src=\"https:\/\/www.savethedogs.eu\/wp-content\/uploads\/2025\/06\/Sara-sul-palco-Biblioteca-Sormani.png\" alt=\"Sara sul palco\" width=\"450\" height=\"300\" \/><\/p>\n<p>[\/et_pb_text][\/et_pb_column][et_pb_column type=&#8221;1_3&#8243; _builder_version=&#8221;4.27.4&#8243; _module_preset=&#8221;default&#8221; global_colors_info=&#8221;{}&#8221; theme_builder_area=&#8221;post_content&#8221;][et_pb_text _builder_version=&#8221;4.27.4&#8243; _module_preset=&#8221;default&#8221; global_colors_info=&#8221;{}&#8221; theme_builder_area=&#8221;post_content&#8221;]<\/p>\n<p><img loading=\"lazy\" decoding=\"async\" class=\"wp-image-69288 size-medium\" src=\"https:\/\/www.savethedogs.eu\/wp-content\/uploads\/2025\/06\/Edizione-Ampliata.png\" alt=\"Edizione ampliata\" width=\"450\" height=\"300\" \/><\/p>\n<p>[\/et_pb_text][\/et_pb_column][et_pb_column type=&#8221;1_3&#8243; _builder_version=&#8221;4.27.4&#8243; _module_preset=&#8221;default&#8221; global_colors_info=&#8221;{}&#8221; theme_builder_area=&#8221;post_content&#8221;][et_pb_text _builder_version=&#8221;4.27.4&#8243; _module_preset=&#8221;default&#8221; global_colors_info=&#8221;{}&#8221; theme_builder_area=&#8221;post_content&#8221;]<img loading=\"lazy\" decoding=\"async\" class=\"wp-image-69288 size-medium\" src=\"https:\/\/www.savethedogs.eu\/wp-content\/uploads\/2025\/06\/Firmacopie.png\" alt=\"Firmacopie\" width=\"450\" height=\"300\" \/>[\/et_pb_text][\/et_pb_column][\/et_pb_row][et_pb_row _builder_version=&#8221;4.22.2&#8243; _module_preset=&#8221;default&#8221; custom_padding=&#8221;||0px|||&#8221; global_colors_info=&#8221;{}&#8221; theme_builder_area=&#8221;post_content&#8221;][et_pb_column type=&#8221;4_4&#8243; _builder_version=&#8221;4.22.2&#8243; _module_preset=&#8221;default&#8221; global_colors_info=&#8221;{}&#8221; theme_builder_area=&#8221;post_content&#8221;][dssb_sharing_buttons btn_padding=&#8221;||||true|false&#8221; use_global_sharing=&#8221;on&#8221; global_sharing_image=&#8221;custom_image&#8221; global_custom_image=&#8221;https:\/\/www.savethedogs.eu\/wp-content\/uploads\/2025\/06\/Libro-Biblioteca-Sormani-Giugno-2025.png&#8221; columns_tablet=&#8221;&#8221; columns_phone=&#8221;1&#8243; columns_last_edited=&#8221;on|phone&#8221; disabled_on=&#8221;off|off|off&#8221; _builder_version=&#8221;4.27.4&#8243; _module_preset=&#8221;default&#8221; custom_margin=&#8221;6vh||6vh||true|false&#8221; global_colors_info=&#8221;{}&#8221; theme_builder_area=&#8221;post_content&#8221;][dssb_sharing_button social_network=&#8221;whatsapp&#8221; sharing_title=&#8221;custom_title&#8221; network_custom_title=&#8221;Leggi l&#8217;articolo&#8221; button_text=&#8221;Condividi su WhatsApp&#8221; _builder_version=&#8221;4.22.2&#8243; _module_preset=&#8221;default&#8221; global_colors_info=&#8221;{}&#8221; theme_builder_area=&#8221;post_content&#8221;][\/dssb_sharing_button][dssb_sharing_button button_text=&#8221;Condividi su Facebook&#8221; _builder_version=&#8221;4.22.2&#8243; _module_preset=&#8221;default&#8221; global_colors_info=&#8221;{}&#8221; theme_builder_area=&#8221;post_content&#8221;][\/dssb_sharing_button][dssb_sharing_button social_network=&#8221;linkedin&#8221; button_text=&#8221;Condividi su LinkedIn&#8221; _builder_version=&#8221;4.22.2&#8243; _module_preset=&#8221;default&#8221; global_colors_info=&#8221;{}&#8221; theme_builder_area=&#8221;post_content&#8221;][\/dssb_sharing_button][dssb_sharing_button social_network=&#8221;twitter&#8221; button_text=&#8221;Condividi su X&#8221; _builder_version=&#8221;4.22.2&#8243; _module_preset=&#8221;default&#8221; global_colors_info=&#8221;{}&#8221; theme_builder_area=&#8221;post_content&#8221;][\/dssb_sharing_button][\/dssb_sharing_buttons][\/et_pb_column][\/et_pb_row][\/et_pb_section]<\/p>\n","protected":false},"excerpt":{"rendered":"<p>The expanded edition of the autobiography of Sara Turetta, the founder and president of Save the Dogs and other Animals ETS, was presented at the prestigious Sormani library&#8230;<\/p>\n","protected":false},"author":57,"featured_media":987521579,"comment_status":"open","ping_status":"open","sticky":false,"template":"","format":"standard","meta":{"_et_pb_use_builder":"on","_et_pb_old_content":"","_et_gb_content_width":"","footnotes":""},"categories":[100],"tags":[],"class_list":["post-987521725","post","type-post","status-publish","format-standard","has-post-thumbnail","hentry","category-news-en-2"],"yoast_head":"<!-- This site is optimized with the Yoast SEO plugin v27.5 - https:\/\/yoast.com\/product\/yoast-seo-wordpress\/ -->\n<title>Expanded edition of Sara Turetta&#039;s autobiography unveiled<\/title>\n<meta name=\"description\" content=\"The expanded edition of the autobiography of Sara Turetta was presented at the prestigious Sormani library...\" \/>\n<meta name=\"robots\" content=\"index, follow, max-snippet:-1, max-image-preview:large, max-video-preview:-1\" \/>\n<link rel=\"canonical\" href=\"https:\/\/www.savethedogs.eu\/en\/sormani-milan-june2025\/\" \/>\n<meta property=\"og:locale\" content=\"en_US\" \/>\n<meta property=\"og:type\" content=\"article\" \/>\n<meta property=\"og:title\" content=\"Expanded edition of Sara Turetta&#039;s autobiography unveiled\" \/>\n<meta property=\"og:description\" content=\"The expanded edition of the autobiography of Sara Turetta was presented at the prestigious Sormani library...\" \/>\n<meta property=\"og:url\" content=\"https:\/\/www.savethedogs.eu\/en\/sormani-milan-june2025\/\" \/>\n<meta property=\"og:site_name\" content=\"Save the Dogs and other Animals ETS\" \/>\n<meta property=\"article:publisher\" content=\"https:\/\/www.facebook.com\/SavetheDogsSTD?ref=bookmarks\" \/>\n<meta property=\"article:published_time\" content=\"2025-06-27T13:56:37+00:00\" \/>\n<meta property=\"article:modified_time\" content=\"2025-06-27T13:56:48+00:00\" \/>\n<meta property=\"og:image\" content=\"https:\/\/www.savethedogs.eu\/wp-content\/uploads\/2025\/06\/Libro-Biblioteca-Sormani-Giugno-2025.png\" \/>\n\t<meta property=\"og:image:width\" content=\"300\" \/>\n\t<meta property=\"og:image:height\" content=\"200\" \/>\n\t<meta property=\"og:image:type\" content=\"image\/png\" \/>\n<meta name=\"author\" content=\"Paolo Boassa\" \/>\n<meta name=\"twitter:card\" content=\"summary_large_image\" \/>\n<meta name=\"twitter:creator\" content=\"@SavetheDogsSTD\" \/>\n<meta name=\"twitter:site\" content=\"@SavetheDogsSTD\" \/>\n<meta name=\"twitter:label1\" content=\"Written by\" \/>\n\t<meta name=\"twitter:data1\" content=\"Paolo Boassa\" \/>\n\t<meta name=\"twitter:label2\" content=\"Est. reading time\" \/>\n\t<meta name=\"twitter:data2\" content=\"6 minutes\" \/>\n<script type=\"application\/ld+json\" class=\"yoast-schema-graph\">{\"@context\":\"https:\\\/\\\/schema.org\",\"@graph\":[{\"@type\":\"Article\",\"@id\":\"https:\\\/\\\/www.savethedogs.eu\\\/en\\\/sormani-milan-june2025\\\/#article\",\"isPartOf\":{\"@id\":\"https:\\\/\\\/www.savethedogs.eu\\\/en\\\/sormani-milan-june2025\\\/\"},\"author\":{\"name\":\"Paolo Boassa\",\"@id\":\"https:\\\/\\\/www.savethedogs.eu\\\/#\\\/schema\\\/person\\\/092403593f85ebb39af1bf663c143884\"},\"headline\":\"Expanded edition of Sara Turetta&#8217;s autobiography unveiled at the Sormani Library\",\"datePublished\":\"2025-06-27T13:56:37+00:00\",\"dateModified\":\"2025-06-27T13:56:48+00:00\",\"mainEntityOfPage\":{\"@id\":\"https:\\\/\\\/www.savethedogs.eu\\\/en\\\/sormani-milan-june2025\\\/\"},\"wordCount\":231,\"commentCount\":0,\"image\":{\"@id\":\"https:\\\/\\\/www.savethedogs.eu\\\/en\\\/sormani-milan-june2025\\\/#primaryimage\"},\"thumbnailUrl\":\"https:\\\/\\\/www.savethedogs.eu\\\/wp-content\\\/uploads\\\/2025\\\/06\\\/Libro-Biblioteca-Sormani-Giugno-2025.png\",\"articleSection\":[\"News\"],\"inLanguage\":\"en-US\",\"potentialAction\":[{\"@type\":\"CommentAction\",\"name\":\"Comment\",\"target\":[\"https:\\\/\\\/www.savethedogs.eu\\\/en\\\/sormani-milan-june2025\\\/#respond\"]}]},{\"@type\":\"WebPage\",\"@id\":\"https:\\\/\\\/www.savethedogs.eu\\\/en\\\/sormani-milan-june2025\\\/\",\"url\":\"https:\\\/\\\/www.savethedogs.eu\\\/en\\\/sormani-milan-june2025\\\/\",\"name\":\"Expanded edition of Sara Turetta's autobiography unveiled\",\"isPartOf\":{\"@id\":\"https:\\\/\\\/www.savethedogs.eu\\\/#website\"},\"primaryImageOfPage\":{\"@id\":\"https:\\\/\\\/www.savethedogs.eu\\\/en\\\/sormani-milan-june2025\\\/#primaryimage\"},\"image\":{\"@id\":\"https:\\\/\\\/www.savethedogs.eu\\\/en\\\/sormani-milan-june2025\\\/#primaryimage\"},\"thumbnailUrl\":\"https:\\\/\\\/www.savethedogs.eu\\\/wp-content\\\/uploads\\\/2025\\\/06\\\/Libro-Biblioteca-Sormani-Giugno-2025.png\",\"datePublished\":\"2025-06-27T13:56:37+00:00\",\"dateModified\":\"2025-06-27T13:56:48+00:00\",\"author\":{\"@id\":\"https:\\\/\\\/www.savethedogs.eu\\\/#\\\/schema\\\/person\\\/092403593f85ebb39af1bf663c143884\"},\"description\":\"The expanded edition of the autobiography of Sara Turetta was presented at the prestigious Sormani library...\",\"breadcrumb\":{\"@id\":\"https:\\\/\\\/www.savethedogs.eu\\\/en\\\/sormani-milan-june2025\\\/#breadcrumb\"},\"inLanguage\":\"en-US\",\"potentialAction\":[{\"@type\":\"ReadAction\",\"target\":[\"https:\\\/\\\/www.savethedogs.eu\\\/en\\\/sormani-milan-june2025\\\/\"]}]},{\"@type\":\"ImageObject\",\"inLanguage\":\"en-US\",\"@id\":\"https:\\\/\\\/www.savethedogs.eu\\\/en\\\/sormani-milan-june2025\\\/#primaryimage\",\"url\":\"https:\\\/\\\/www.savethedogs.eu\\\/wp-content\\\/uploads\\\/2025\\\/06\\\/Libro-Biblioteca-Sormani-Giugno-2025.png\",\"contentUrl\":\"https:\\\/\\\/www.savethedogs.eu\\\/wp-content\\\/uploads\\\/2025\\\/06\\\/Libro-Biblioteca-Sormani-Giugno-2025.png\",\"width\":300,\"height\":200},{\"@type\":\"BreadcrumbList\",\"@id\":\"https:\\\/\\\/www.savethedogs.eu\\\/en\\\/sormani-milan-june2025\\\/#breadcrumb\",\"itemListElement\":[{\"@type\":\"ListItem\",\"position\":1,\"name\":\"Home\",\"item\":\"https:\\\/\\\/www.savethedogs.eu\\\/en\\\/\"},{\"@type\":\"ListItem\",\"position\":2,\"name\":\"Expanded edition of Sara Turetta&#8217;s autobiography unveiled at the Sormani Library\"}]},{\"@type\":\"WebSite\",\"@id\":\"https:\\\/\\\/www.savethedogs.eu\\\/#website\",\"url\":\"https:\\\/\\\/www.savethedogs.eu\\\/\",\"name\":\"Save the Dogs and other Animals ETS\",\"description\":\"Save the Dogs ha come mission la prevenzione del randagismo e del sovrappopolamento canino e felino attraverso la sterilizzazione e la salvaguardia degli animali da compagnia.\",\"potentialAction\":[{\"@type\":\"SearchAction\",\"target\":{\"@type\":\"EntryPoint\",\"urlTemplate\":\"https:\\\/\\\/www.savethedogs.eu\\\/?s={search_term_string}\"},\"query-input\":{\"@type\":\"PropertyValueSpecification\",\"valueRequired\":true,\"valueName\":\"search_term_string\"}}],\"inLanguage\":\"en-US\"},{\"@type\":\"Person\",\"@id\":\"https:\\\/\\\/www.savethedogs.eu\\\/#\\\/schema\\\/person\\\/092403593f85ebb39af1bf663c143884\",\"name\":\"Paolo Boassa\",\"image\":{\"@type\":\"ImageObject\",\"inLanguage\":\"en-US\",\"@id\":\"https:\\\/\\\/secure.gravatar.com\\\/avatar\\\/2a9f3685a28ed3f04d59adef96dbf7917f99107fca0bfcad33d300088db6a1b6?s=96&d=mm&r=g\",\"url\":\"https:\\\/\\\/secure.gravatar.com\\\/avatar\\\/2a9f3685a28ed3f04d59adef96dbf7917f99107fca0bfcad33d300088db6a1b6?s=96&d=mm&r=g\",\"contentUrl\":\"https:\\\/\\\/secure.gravatar.com\\\/avatar\\\/2a9f3685a28ed3f04d59adef96dbf7917f99107fca0bfcad33d300088db6a1b6?s=96&d=mm&r=g\",\"caption\":\"Paolo Boassa\"},\"url\":\"https:\\\/\\\/www.savethedogs.eu\\\/en\\\/author\\\/paolo-boassa\\\/\"}]}<\/script>\n<!-- \/ Yoast SEO plugin. -->","yoast_head_json":{"title":"Expanded edition of Sara Turetta's autobiography unveiled","description":"The expanded edition of the autobiography of Sara Turetta was presented at the prestigious Sormani library...","robots":{"index":"index","follow":"follow","max-snippet":"max-snippet:-1","max-image-preview":"max-image-preview:large","max-video-preview":"max-video-preview:-1"},"canonical":"https:\/\/www.savethedogs.eu\/en\/sormani-milan-june2025\/","og_locale":"en_US","og_type":"article","og_title":"Expanded edition of Sara Turetta's autobiography unveiled","og_description":"The expanded edition of the autobiography of Sara Turetta was presented at the prestigious Sormani library...","og_url":"https:\/\/www.savethedogs.eu\/en\/sormani-milan-june2025\/","og_site_name":"Save the Dogs and other Animals ETS","article_publisher":"https:\/\/www.facebook.com\/SavetheDogsSTD?ref=bookmarks","article_published_time":"2025-06-27T13:56:37+00:00","article_modified_time":"2025-06-27T13:56:48+00:00","og_image":[{"width":300,"height":200,"url":"https:\/\/www.savethedogs.eu\/wp-content\/uploads\/2025\/06\/Libro-Biblioteca-Sormani-Giugno-2025.png","type":"image\/png"}],"author":"Paolo Boassa","twitter_card":"summary_large_image","twitter_creator":"@SavetheDogsSTD","twitter_site":"@SavetheDogsSTD","twitter_misc":{"Written by":"Paolo Boassa","Est. reading time":"6 minutes"},"schema":{"@context":"https:\/\/schema.org","@graph":[{"@type":"Article","@id":"https:\/\/www.savethedogs.eu\/en\/sormani-milan-june2025\/#article","isPartOf":{"@id":"https:\/\/www.savethedogs.eu\/en\/sormani-milan-june2025\/"},"author":{"name":"Paolo Boassa","@id":"https:\/\/www.savethedogs.eu\/#\/schema\/person\/092403593f85ebb39af1bf663c143884"},"headline":"Expanded edition of Sara Turetta&#8217;s autobiography unveiled at the Sormani Library","datePublished":"2025-06-27T13:56:37+00:00","dateModified":"2025-06-27T13:56:48+00:00","mainEntityOfPage":{"@id":"https:\/\/www.savethedogs.eu\/en\/sormani-milan-june2025\/"},"wordCount":231,"commentCount":0,"image":{"@id":"https:\/\/www.savethedogs.eu\/en\/sormani-milan-june2025\/#primaryimage"},"thumbnailUrl":"https:\/\/www.savethedogs.eu\/wp-content\/uploads\/2025\/06\/Libro-Biblioteca-Sormani-Giugno-2025.png","articleSection":["News"],"inLanguage":"en-US","potentialAction":[{"@type":"CommentAction","name":"Comment","target":["https:\/\/www.savethedogs.eu\/en\/sormani-milan-june2025\/#respond"]}]},{"@type":"WebPage","@id":"https:\/\/www.savethedogs.eu\/en\/sormani-milan-june2025\/","url":"https:\/\/www.savethedogs.eu\/en\/sormani-milan-june2025\/","name":"Expanded edition of Sara Turetta's autobiography unveiled","isPartOf":{"@id":"https:\/\/www.savethedogs.eu\/#website"},"primaryImageOfPage":{"@id":"https:\/\/www.savethedogs.eu\/en\/sormani-milan-june2025\/#primaryimage"},"image":{"@id":"https:\/\/www.savethedogs.eu\/en\/sormani-milan-june2025\/#primaryimage"},"thumbnailUrl":"https:\/\/www.savethedogs.eu\/wp-content\/uploads\/2025\/06\/Libro-Biblioteca-Sormani-Giugno-2025.png","datePublished":"2025-06-27T13:56:37+00:00","dateModified":"2025-06-27T13:56:48+00:00","author":{"@id":"https:\/\/www.savethedogs.eu\/#\/schema\/person\/092403593f85ebb39af1bf663c143884"},"description":"The expanded edition of the autobiography of Sara Turetta was presented at the prestigious Sormani library...","breadcrumb":{"@id":"https:\/\/www.savethedogs.eu\/en\/sormani-milan-june2025\/#breadcrumb"},"inLanguage":"en-US","potentialAction":[{"@type":"ReadAction","target":["https:\/\/www.savethedogs.eu\/en\/sormani-milan-june2025\/"]}]},{"@type":"ImageObject","inLanguage":"en-US","@id":"https:\/\/www.savethedogs.eu\/en\/sormani-milan-june2025\/#primaryimage","url":"https:\/\/www.savethedogs.eu\/wp-content\/uploads\/2025\/06\/Libro-Biblioteca-Sormani-Giugno-2025.png","contentUrl":"https:\/\/www.savethedogs.eu\/wp-content\/uploads\/2025\/06\/Libro-Biblioteca-Sormani-Giugno-2025.png","width":300,"height":200},{"@type":"BreadcrumbList","@id":"https:\/\/www.savethedogs.eu\/en\/sormani-milan-june2025\/#breadcrumb","itemListElement":[{"@type":"ListItem","position":1,"name":"Home","item":"https:\/\/www.savethedogs.eu\/en\/"},{"@type":"ListItem","position":2,"name":"Expanded edition of Sara Turetta&#8217;s autobiography unveiled at the Sormani Library"}]},{"@type":"WebSite","@id":"https:\/\/www.savethedogs.eu\/#website","url":"https:\/\/www.savethedogs.eu\/","name":"Save the Dogs and other Animals ETS","description":"Save the Dogs ha come mission la prevenzione del randagismo e del sovrappopolamento canino e felino attraverso la sterilizzazione e la salvaguardia degli animali da compagnia.","potentialAction":[{"@type":"SearchAction","target":{"@type":"EntryPoint","urlTemplate":"https:\/\/www.savethedogs.eu\/?s={search_term_string}"},"query-input":{"@type":"PropertyValueSpecification","valueRequired":true,"valueName":"search_term_string"}}],"inLanguage":"en-US"},{"@type":"Person","@id":"https:\/\/www.savethedogs.eu\/#\/schema\/person\/092403593f85ebb39af1bf663c143884","name":"Paolo Boassa","image":{"@type":"ImageObject","inLanguage":"en-US","@id":"https:\/\/secure.gravatar.com\/avatar\/2a9f3685a28ed3f04d59adef96dbf7917f99107fca0bfcad33d300088db6a1b6?s=96&d=mm&r=g","url":"https:\/\/secure.gravatar.com\/avatar\/2a9f3685a28ed3f04d59adef96dbf7917f99107fca0bfcad33d300088db6a1b6?s=96&d=mm&r=g","contentUrl":"https:\/\/secure.gravatar.com\/avatar\/2a9f3685a28ed3f04d59adef96dbf7917f99107fca0bfcad33d300088db6a1b6?s=96&d=mm&r=g","caption":"Paolo Boassa"},"url":"https:\/\/www.savethedogs.eu\/en\/author\/paolo-boassa\/"}]}},"_links":{"self":[{"href":"https:\/\/www.savethedogs.eu\/en\/wp-json\/wp\/v2\/posts\/987521725","targetHints":{"allow":["GET"]}}],"collection":[{"href":"https:\/\/www.savethedogs.eu\/en\/wp-json\/wp\/v2\/posts"}],"about":[{"href":"https:\/\/www.savethedogs.eu\/en\/wp-json\/wp\/v2\/types\/post"}],"author":[{"embeddable":true,"href":"https:\/\/www.savethedogs.eu\/en\/wp-json\/wp\/v2\/users\/57"}],"replies":[{"embeddable":true,"href":"https:\/\/www.savethedogs.eu\/en\/wp-json\/wp\/v2\/comments?post=987521725"}],"version-history":[{"count":3,"href":"https:\/\/www.savethedogs.eu\/en\/wp-json\/wp\/v2\/posts\/987521725\/revisions"}],"predecessor-version":[{"id":987521750,"href":"https:\/\/www.savethedogs.eu\/en\/wp-json\/wp\/v2\/posts\/987521725\/revisions\/987521750"}],"wp:featuredmedia":[{"embeddable":true,"href":"https:\/\/www.savethedogs.eu\/en\/wp-json\/wp\/v2\/media\/987521579"}],"wp:attachment":[{"href":"https:\/\/www.savethedogs.eu\/en\/wp-json\/wp\/v2\/media?parent=987521725"}],"wp:term":[{"taxonomy":"category","embeddable":true,"href":"https:\/\/www.savethedogs.eu\/en\/wp-json\/wp\/v2\/categories?post=987521725"},{"taxonomy":"post_tag","embeddable":true,"href":"https:\/\/www.savethedogs.eu\/en\/wp-json\/wp\/v2\/tags?post=987521725"}],"curies":[{"name":"wp","href":"https:\/\/api.w.org\/{rel}","templated":true}]}}