{"id":987521755,"date":"2025-06-27T16:14:33","date_gmt":"2025-06-27T14:14:33","guid":{"rendered":"https:\/\/www.savethedogs.eu\/?p=987521755"},"modified":"2025-06-27T16:14:42","modified_gmt":"2025-06-27T14:14:42","slug":"vaira-birthday-2025","status":"publish","type":"post","link":"https:\/\/www.savethedogs.eu\/en\/vaira-birthday-2025\/","title":{"rendered":"Angelo Vaira&#8217;s birthday is transformed into a gift for animals"},"content":{"rendered":"<p>[et_pb_section fb_built=&#8221;1&#8243; fullwidth=&#8221;on&#8221; _builder_version=&#8221;4.16&#8243; _module_preset=&#8221;default&#8221; da_disable_devices=&#8221;off|off|off&#8221; global_colors_info=&#8221;{}&#8221; theme_builder_area=&#8221;post_content&#8221; da_is_popup=&#8221;off&#8221; da_exit_intent=&#8221;off&#8221; da_has_close=&#8221;on&#8221; da_alt_close=&#8221;off&#8221; da_dark_close=&#8221;off&#8221; da_not_modal=&#8221;on&#8221; da_is_singular=&#8221;off&#8221; da_with_loader=&#8221;off&#8221; da_has_shadow=&#8221;on&#8221;][et_pb_fullwidth_header title=&#8221;Angelo Vaira&#8217;s birthday is transformed into a gift for animals&#8221; admin_label=&#8221;Intestazione a Larghezza Piena&#8221; _builder_version=&#8221;4.27.4&#8243; _module_preset=&#8221;default&#8221; hover_enabled=&#8221;0&#8243; global_colors_info=&#8221;{}&#8221; subhead__hover_enabled=&#8221;off|desktop&#8221; theme_builder_area=&#8221;post_content&#8221; sticky_enabled=&#8221;0&#8243;][\/et_pb_fullwidth_header][\/et_pb_section][et_pb_section fb_built=&#8221;1&#8243; _builder_version=&#8221;4.16&#8243; _module_preset=&#8221;default&#8221; da_disable_devices=&#8221;off|off|off&#8221; global_colors_info=&#8221;{}&#8221; theme_builder_area=&#8221;post_content&#8221; da_is_popup=&#8221;off&#8221; da_exit_intent=&#8221;off&#8221; da_has_close=&#8221;on&#8221; da_alt_close=&#8221;off&#8221; da_dark_close=&#8221;off&#8221; da_not_modal=&#8221;on&#8221; da_is_singular=&#8221;off&#8221; da_with_loader=&#8221;off&#8221; da_has_shadow=&#8221;on&#8221;][et_pb_row _builder_version=&#8221;4.22.2&#8243; _module_preset=&#8221;default&#8221; custom_padding=&#8221;||0px|||&#8221; global_colors_info=&#8221;{}&#8221; theme_builder_area=&#8221;post_content&#8221;][et_pb_column type=&#8221;4_4&#8243; _builder_version=&#8221;4.22.2&#8243; _module_preset=&#8221;default&#8221; global_colors_info=&#8221;{}&#8221; theme_builder_area=&#8221;post_content&#8221;][et_pb_text content_tablet=&#8221;%91caption id=%22attachment_69288%22 align=%22alignright%22 width=%22450%22%93<img class=%22wp-image-69288 size-medium%22 src=%22https:\/\/www.savethedogs.eu\/wp-content\/uploads\/2025\/06\/Angelo-Vaira.png%22 alt=%22Meni e Catherine%22 width=%22450%22 height=%22300%22 \/> Angelo Vaira%91\/caption%93<\/p>\n<p>C\u2019\u00e8 chi spegne le candeline\u2026 e chi accende una speranza.<br \/>\nIn occasione del suo compleanno, <strong>Angelo Vaira<\/strong> ha scelto di festeggiare in modo speciale, aprendo una raccolta fondi a sostegno di <strong><em>Save the Dogs<\/em><\/strong>.<\/p>\n<p>Studioso di etologia, scienze cognitive animali e psicologia umana, \u00e8 fondatore della Scuola cinofila <strong>ThinkDog<\/strong>, dell\u2019approccio Cognitivo Relazionale al cane, nonch\u00e9 ideatore delle Classi di Socializzazione\u00ae. Amico di lunga data della nostra Fondazione, ha voluto dedicare questo gesto solidale agli Animali pi\u00f9 fragili.<\/p>\n<p>Angelo non \u00e8 nuovo a gesti di generosit\u00e0: lo scorso dicembre ha partecipato al nostro <strong>Calendario dell\u2019Avvento<\/strong>, condividendo consigli per la convivenza con il proprio cane e ha dedicato la <strong>Cerimonia di Benedizione degli Animali<\/strong> a <em>Save the Dogs<\/em> devolvendo le offerte raccolte.<\/p>\n<p>Grazie al suo gesto, chiunque potr\u00e0 partecipare con una libera donazione: un compleanno che va oltre la festa, trasformandosi in un atto concreto di amore e cura per chi ha davvero bisogno.<\/p>\n<p><strong>Grazie di cuore, Angelo<\/strong>, per la tua vicinanza, il tuo impegno e per credere con noi che ogni vita conta.<\/p>\n<p><a href=%22https:\/\/community.savethedogs.eu\/fundraisers\/angelo-vaira%22 data-et-target-link=%22_blank%22 rel=%22noopener%22><strong><u>Se vuoi fare un regalo ad Angelo, clicca qui.<\/u><\/strong><\/a><\/p>\n<p> &#8221; content_phone=&#8221;%91caption id=%22attachment_69288%22 align=%22aligncenter%22 width=%22450%22%93<img class=%22wp-image-69288 size-medium%22 src=%22https:\/\/www.savethedogs.eu\/wp-content\/uploads\/2025\/06\/Angelo-Vaira.png%22 alt=%22Meni e Catherine%22 width=%22450%22 height=%22300%22 \/> Angelo Vaira%91\/caption%93<\/p>\n<p>C\u2019\u00e8 chi spegne le candeline\u2026 e chi accende una speranza.<br \/>\nIn occasione del suo compleanno, <strong>Angelo Vaira<\/strong> ha scelto di festeggiare in modo speciale, aprendo una raccolta fondi a sostegno di <strong><em>Save the Dogs<\/em><\/strong>.<\/p>\n<p>Studioso di etologia, scienze cognitive animali e psicologia umana, \u00e8 fondatore della Scuola cinofila <strong>ThinkDog<\/strong>, dell\u2019approccio Cognitivo Relazionale al cane, nonch\u00e9 ideatore delle Classi di Socializzazione\u00ae. Amico di lunga data della nostra Fondazione, ha voluto dedicare questo gesto solidale agli Animali pi\u00f9 fragili.<\/p>\n<p>Angelo non \u00e8 nuovo a gesti di generosit\u00e0: lo scorso dicembre ha partecipato al nostro <strong>Calendario dell\u2019Avvento<\/strong>, condividendo consigli per la convivenza con il proprio cane e ha dedicato la <strong>Cerimonia di Benedizione degli Animali<\/strong> a <em>Save the Dogs<\/em> devolvendo le offerte raccolte.<\/p>\n<p>Grazie al suo gesto, chiunque potr\u00e0 partecipare con una libera donazione: un compleanno che va oltre la festa, trasformandosi in un atto concreto di amore e cura per chi ha davvero bisogno.<\/p>\n<p><strong>Grazie di cuore, Angelo<\/strong>, per la tua vicinanza, il tuo impegno e per credere con noi che ogni vita conta.<\/p>\n<p><a href=%22https:\/\/community.savethedogs.eu\/fundraisers\/angelo-vaira%22 data-et-target-link=%22_blank%22 rel=%22noopener%22><strong><u>Se vuoi fare un regalo ad Angelo, clicca qui.<\/u><\/strong><\/a><br \/>\n&#8221; content_last_edited=&#8221;on|phone&#8221; disabled_on=&#8221;off|off|off&#8221; admin_label=&#8221;Testo&#8221; _builder_version=&#8221;4.27.4&#8243; _module_preset=&#8221;default&#8221; header_2_font_size=&#8221;24px&#8221; custom_margin=&#8221;||||false|false&#8221; hover_enabled=&#8221;0&#8243; global_colors_info=&#8221;{}&#8221; theme_builder_area=&#8221;post_content&#8221; sticky_enabled=&#8221;0&#8243;]<div id=\"attachment_69288\" style=\"width: 460px\" class=\"wp-caption alignright\"><img loading=\"lazy\" decoding=\"async\" aria-describedby=\"caption-attachment-69288\" class=\"wp-image-69288 size-medium\" src=\"https:\/\/www.savethedogs.eu\/wp-content\/uploads\/2025\/06\/Angelo-Vaira.png\" alt=\"Meni e Catherine\" width=\"450\" height=\"300\" \/><p id=\"caption-attachment-69288\" class=\"wp-caption-text\">Angelo Vaira<\/p><\/div><\/p>\n<p>Some people celebrate by blowing out candles on a cake&#8230; while others choose to kindle a spark of hope.<br \/>To mark his birthday, <strong>Angelo Vaira<\/strong> decided to celebrate in a meaningful way, by launching a fundraising campaign to benefit <strong><em>Save the Dogs<\/em><\/strong>.<\/p>\n<p>A scholar of ethology, animal cognitive science, and human psychology, Angelo is the founder of the <strong>ThinkDog<\/strong> dog school, the developer of the Cognitive-Relational approach to dogs, and the creator of \u2018Classi di Socializzazione\u2019<em>\u00ae<\/em> (Socialization Classes). A longtime supporter of our Foundation, he wanted to dedicate this charitable gesture to very vulnerable animals.<\/p>\n<p>Angelo is no stranger to such acts of generosity: last December, he participated in our <strong>Advent Calendar<\/strong> initiative by sharing tips for living with pets. He dedicated the <strong>Animal Blessing Ceremony<\/strong> to <em>Save the Dogs<\/em> and donated all the collected offerings.<\/p>\n<p>Thanks to his proposal, anyone can make a contribution, no matter the amount. This birthday is more than just a celebration \u2013 it&#8217;s a meaningful expression of love and care for those in real need.<\/p>\n<p><strong>A heartfelt thank you, Angelo<\/strong>, for your ongoing support and commitment, and for sharing our belief that every single life is invaluable.<\/p>\n<p><a href=\"https:\/\/community.savethedogs.eu\/fundraisers\/angelo-vaira?locale=en\" target=\"_blank\" rel=\"noopener\"><strong><u>If you would like to help celebrate Angelo\u2019s birthday, please click here<\/u><\/strong><strong><u>.<\/u><\/strong><\/a><\/p>\n<p>\u200b<\/p>\n<p>[\/et_pb_text][\/et_pb_column][\/et_pb_row][et_pb_row _builder_version=&#8221;4.22.2&#8243; _module_preset=&#8221;default&#8221; custom_padding=&#8221;||0px|||&#8221; global_colors_info=&#8221;{}&#8221; theme_builder_area=&#8221;post_content&#8221;][et_pb_column type=&#8221;4_4&#8243; _builder_version=&#8221;4.22.2&#8243; _module_preset=&#8221;default&#8221; global_colors_info=&#8221;{}&#8221; theme_builder_area=&#8221;post_content&#8221;][et_pb_text content_tablet=&#8221;%91caption id=%22attachment_69288%22 align=%22alignright%22 width=%22450%22%93<img class=%22wp-image-69288 size-medium%22 src=%22https:\/\/www.savethedogs.eu\/wp-content\/uploads\/2025\/06\/Amelia-25.png%22 alt=%22Amelia%22 width=%22450%22 height=%22300%22 \/> Amelia%91\/caption%93<\/p>\n<p>Abbiamo trovato <strong>Amelia<\/strong> in un villaggio della campagna rumena, dove la povert\u00e0 \u00e8 ancora profonda e i cani vengono spesso tenuti a catena per tutta la vita. Era legata ad una catena sotto il sole cocente, visibilmente esausta, pelle e ossa. Accanto a lei, i suoi cuccioli nati da poco: gi\u00e0 infestati dai parassiti, senza riparo adeguato e cure.<br \/>\nSiamo intervenuti per portare cibo e acqua, ma Amelia era molto debilitata e abbiamo capito subito che dovevamo portarla via da l\u00ec. Era l\u2019unica possibilit\u00e0 per lei e per i suoi piccoli.<\/p>\n<p><strong>Da quel momento, \u00e8 cominciata la rinascita.<\/strong> Mentre si trovava ancora in catene, Amelia ha conosciuto una coppia italiana che seguiva da tempo il nostro lavoro; sono venuti fino in Romania per incontrarla. Si sono conosciuti e hanno scelto di aspettarla, mentre si riprendeva e si prendeva cura dei suoi piccoli. Mesi di pazienza, amore a distanza, fino al giorno in cui Amelia ha finalmente potuto viaggiare verso la sua nuova casa, poco fuori Milano.<\/p>\n<p><strong>Oggi Amelia \u00e8 libera e amata.<\/strong><\/p>\n<p>Corre nei prati, gioca, esplora il mondo con curiosit\u00e0 e vive circondata da amore e da altri amici a quattro zampe. Vederla cos\u00ec, piena di vita, fa sembrare un lontano ricordo i giorni passati alla catena.<br \/>\nIl suo legame con la nuova famiglia \u00e8 profondo, autentico. \u00c8 il tipo di amore che ci ricorda perch\u00e9 facciamo tutto questo: perch\u00e9 ogni animale  merita di conoscere la libert\u00e0, la gentilezza. Potersi esprimere.<br \/>\nOgni giorno ci imbattiamo in nuovi casi come quello di Amelia.<br \/>\nCani che hanno bisogno di essere curati, o accolti da una famiglia che li ami.<\/p>\n<p><strong>Con il tuo aiuto, possiamo continuare a scrivere storie a lieto fine.<\/strong> Sostienici oggi: insieme, possiamo cambiare il destino di tanti animali vulnerabili.<\/p>\n<p> &#8221; content_phone=&#8221;%91caption id=%22attachment_69288%22 align=%22aligncenter%22 width=%22450%22%93<img class=%22wp-image-69288 size-medium%22 src=%22https:\/\/www.savethedogs.eu\/wp-content\/uploads\/2025\/06\/Amelia-25.png%22 alt=%22Amelia%22 width=%22450%22 height=%22300%22 \/> Amelia%91\/caption%93<\/p>\n<p>Abbiamo trovato <strong>Amelia<\/strong> in un villaggio della campagna rumena, dove la povert\u00e0 \u00e8 ancora profonda e i cani vengono spesso tenuti a catena per tutta la vita. Era legata ad una catena sotto il sole cocente, visibilmente esausta, pelle e ossa. Accanto a lei, i suoi cuccioli nati da poco: gi\u00e0 infestati dai parassiti, senza riparo adeguato e cure.<br \/>\nSiamo intervenuti per portare cibo e acqua, ma Amelia era molto debilitata e abbiamo capito subito che dovevamo portarla via da l\u00ec. Era l\u2019unica possibilit\u00e0 per lei e per i suoi piccoli.<\/p>\n<p><strong>Da quel momento, \u00e8 cominciata la rinascita.<\/strong> Mentre si trovava ancora in catene, Amelia ha conosciuto una coppia italiana che seguiva da tempo il nostro lavoro; sono venuti fino in Romania per incontrarla. Si sono conosciuti e hanno scelto di aspettarla, mentre si riprendeva e si prendeva cura dei suoi piccoli. Mesi di pazienza, amore a distanza, fino al giorno in cui Amelia ha finalmente potuto viaggiare verso la sua nuova casa, poco fuori Milano.<\/p>\n<p><strong>Oggi Amelia \u00e8 libera e amata.<\/strong><\/p>\n<p>Corre nei prati, gioca, esplora il mondo con curiosit\u00e0 e vive circondata da amore e da altri amici a quattro zampe. Vederla cos\u00ec, piena di vita, fa sembrare un lontano ricordo i giorni passati alla catena.<br \/>\nIl suo legame con la nuova famiglia \u00e8 profondo, autentico. \u00c8 il tipo di amore che ci ricorda perch\u00e9 facciamo tutto questo: perch\u00e9 ogni animale  merita di conoscere la libert\u00e0, la gentilezza. Potersi esprimere.<br \/>\nOgni giorno ci imbattiamo in nuovi casi come quello di Amelia.<br \/>\nCani che hanno bisogno di essere curati, o accolti da una famiglia che li ami.<\/p>\n<p><strong>Con il tuo aiuto, possiamo continuare a scrivere storie a lieto fine.<\/strong> Sostienici oggi: insieme, possiamo cambiare il destino di tanti animali vulnerabili.<\/p>\n<p> &#8221; content_last_edited=&#8221;off|desktop&#8221; disabled_on=&#8221;off|off|off&#8221; admin_label=&#8221;Testo&#8221; _builder_version=&#8221;4.27.4&#8243; _module_preset=&#8221;default&#8221; header_2_font_size=&#8221;24px&#8221; custom_margin=&#8221;||||false|false&#8221; hover_enabled=&#8221;0&#8243; global_colors_info=&#8221;{}&#8221; theme_builder_area=&#8221;post_content&#8221; sticky_enabled=&#8221;0&#8243;]<\/p>\n<h3><strong>Join our celebration and give a gift that comes straight from the heart: dedicate your birthday to <em>Save the Dogs<\/em><\/strong><strong>!<\/strong><\/h3>\n<p>Like Angelo Vaira, <strong>you too can transform a special occasion<\/strong> \u2013 be it a birthday, an anniversary, or a graduation, for example \u2013 into an opportunity to show your solidarity.<br \/>Starting a fundraising campaign is easy, and you can quickly set it up online, inviting your friends to participate in an act of kindness. It benefits you, as the organizer, and helps the animals we save every day, thanks to the generous donations from those who choose to contribute.<\/p>\n<p><strong>The most meaningful gift possible is one that can transform a life<\/strong><strong>.<\/strong><\/p>\n<p>[\/et_pb_text][et_pb_button button_url=&#8221;https:\/\/community.savethedogs.eu\/project\/compleanno?locale=en&#8221; url_new_window=&#8221;on&#8221; button_text=&#8221;Create your personal fundraising campaign today!&#8221; button_alignment=&#8221;left&#8221; button_alignment_tablet=&#8221;left&#8221; button_alignment_phone=&#8221;center&#8221; button_alignment_last_edited=&#8221;on|phone&#8221; _builder_version=&#8221;4.27.4&#8243; _module_preset=&#8221;default&#8221; custom_button=&#8221;on&#8221; button_text_color=&#8221;#FFFFFF&#8221; button_bg_color=&#8221;#F8B900&#8243; button_border_radius=&#8221;15px&#8221; hover_enabled=&#8221;0&#8243; global_colors_info=&#8221;{}&#8221; theme_builder_area=&#8221;post_content&#8221; sticky_enabled=&#8221;0&#8243;][\/et_pb_button][\/et_pb_column][\/et_pb_row][et_pb_row _builder_version=&#8221;4.22.2&#8243; _module_preset=&#8221;default&#8221; custom_padding=&#8221;||0px|||&#8221; global_colors_info=&#8221;{}&#8221; theme_builder_area=&#8221;post_content&#8221;][et_pb_column type=&#8221;4_4&#8243; _builder_version=&#8221;4.22.2&#8243; _module_preset=&#8221;default&#8221; global_colors_info=&#8221;{}&#8221; theme_builder_area=&#8221;post_content&#8221;][dssb_sharing_buttons btn_padding=&#8221;||||true|false&#8221; use_global_sharing=&#8221;on&#8221; global_sharing_image=&#8221;custom_image&#8221; global_custom_image=&#8221;https:\/\/www.savethedogs.eu\/wp-content\/uploads\/2025\/06\/Vaira-Giugno-2025.png&#8221; columns_tablet=&#8221;&#8221; columns_phone=&#8221;1&#8243; columns_last_edited=&#8221;on|phone&#8221; disabled_on=&#8221;off|off|off&#8221; _builder_version=&#8221;4.27.4&#8243; _module_preset=&#8221;default&#8221; custom_margin=&#8221;6vh||6vh||true|false&#8221; global_colors_info=&#8221;{}&#8221; theme_builder_area=&#8221;post_content&#8221;][dssb_sharing_button social_network=&#8221;whatsapp&#8221; sharing_title=&#8221;custom_title&#8221; network_custom_title=&#8221;Leggi l&#8217;articolo&#8221; button_text=&#8221;Condividi su WhatsApp&#8221; _builder_version=&#8221;4.22.2&#8243; _module_preset=&#8221;default&#8221; global_colors_info=&#8221;{}&#8221; theme_builder_area=&#8221;post_content&#8221;][\/dssb_sharing_button][dssb_sharing_button button_text=&#8221;Condividi su Facebook&#8221; _builder_version=&#8221;4.22.2&#8243; _module_preset=&#8221;default&#8221; global_colors_info=&#8221;{}&#8221; theme_builder_area=&#8221;post_content&#8221;][\/dssb_sharing_button][dssb_sharing_button social_network=&#8221;linkedin&#8221; button_text=&#8221;Condividi su LinkedIn&#8221; _builder_version=&#8221;4.22.2&#8243; _module_preset=&#8221;default&#8221; global_colors_info=&#8221;{}&#8221; theme_builder_area=&#8221;post_content&#8221;][\/dssb_sharing_button][dssb_sharing_button social_network=&#8221;twitter&#8221; button_text=&#8221;Condividi su X&#8221; _builder_version=&#8221;4.22.2&#8243; _module_preset=&#8221;default&#8221; global_colors_info=&#8221;{}&#8221; theme_builder_area=&#8221;post_content&#8221;][\/dssb_sharing_button][\/dssb_sharing_buttons][\/et_pb_column][\/et_pb_row][\/et_pb_section]<\/p>\n","protected":false},"excerpt":{"rendered":"<p>Just like Angelo Vaira, you can also turn a special occasion into a moment of solidarity with animals in need&#8230;<\/p>\n","protected":false},"author":57,"featured_media":987521594,"comment_status":"open","ping_status":"open","sticky":false,"template":"","format":"standard","meta":{"_et_pb_use_builder":"on","_et_pb_old_content":"","_et_gb_content_width":"","footnotes":""},"categories":[100],"tags":[],"class_list":["post-987521755","post","type-post","status-publish","format-standard","has-post-thumbnail","hentry","category-news-en-2"],"yoast_head":"<!-- This site is optimized with the Yoast SEO plugin v27.5 - https:\/\/yoast.com\/product\/yoast-seo-wordpress\/ -->\n<title>Angelo Vaira&#039;s birthday is transformed into a gift for animals<\/title>\n<meta name=\"description\" content=\"Just like Angelo Vaira, you can also turn a special occasion into a moment of solidarity with animals in need...\" \/>\n<meta name=\"robots\" content=\"index, follow, max-snippet:-1, max-image-preview:large, max-video-preview:-1\" \/>\n<link rel=\"canonical\" href=\"https:\/\/www.savethedogs.eu\/en\/vaira-birthday-2025\/\" \/>\n<meta property=\"og:locale\" content=\"en_US\" \/>\n<meta property=\"og:type\" content=\"article\" \/>\n<meta property=\"og:title\" content=\"Angelo Vaira&#039;s birthday is transformed into a gift for animals\" \/>\n<meta property=\"og:description\" content=\"Just like Angelo Vaira, you can also turn a special occasion into a moment of solidarity with animals in need...\" \/>\n<meta property=\"og:url\" content=\"https:\/\/www.savethedogs.eu\/en\/vaira-birthday-2025\/\" \/>\n<meta property=\"og:site_name\" content=\"Save the Dogs and other Animals ETS\" \/>\n<meta property=\"article:publisher\" content=\"https:\/\/www.facebook.com\/SavetheDogsSTD?ref=bookmarks\" \/>\n<meta property=\"article:published_time\" content=\"2025-06-27T14:14:33+00:00\" \/>\n<meta property=\"article:modified_time\" content=\"2025-06-27T14:14:42+00:00\" \/>\n<meta property=\"og:image\" content=\"https:\/\/www.savethedogs.eu\/wp-content\/uploads\/2025\/06\/Vaira-Giugno-2025.png\" \/>\n\t<meta property=\"og:image:width\" content=\"300\" \/>\n\t<meta property=\"og:image:height\" content=\"200\" \/>\n\t<meta property=\"og:image:type\" content=\"image\/png\" \/>\n<meta name=\"author\" content=\"Paolo Boassa\" \/>\n<meta name=\"twitter:card\" content=\"summary_large_image\" \/>\n<meta name=\"twitter:creator\" content=\"@SavetheDogsSTD\" \/>\n<meta name=\"twitter:site\" content=\"@SavetheDogsSTD\" \/>\n<meta name=\"twitter:label1\" content=\"Written by\" \/>\n\t<meta name=\"twitter:data1\" content=\"Paolo Boassa\" \/>\n\t<meta name=\"twitter:label2\" content=\"Est. reading time\" \/>\n\t<meta name=\"twitter:data2\" content=\"6 minutes\" \/>\n<script type=\"application\/ld+json\" class=\"yoast-schema-graph\">{\"@context\":\"https:\\\/\\\/schema.org\",\"@graph\":[{\"@type\":\"Article\",\"@id\":\"https:\\\/\\\/www.savethedogs.eu\\\/en\\\/vaira-birthday-2025\\\/#article\",\"isPartOf\":{\"@id\":\"https:\\\/\\\/www.savethedogs.eu\\\/en\\\/vaira-birthday-2025\\\/\"},\"author\":{\"name\":\"Paolo Boassa\",\"@id\":\"https:\\\/\\\/www.savethedogs.eu\\\/#\\\/schema\\\/person\\\/092403593f85ebb39af1bf663c143884\"},\"headline\":\"Angelo Vaira&#8217;s birthday is transformed into a gift for animals\",\"datePublished\":\"2025-06-27T14:14:33+00:00\",\"dateModified\":\"2025-06-27T14:14:42+00:00\",\"mainEntityOfPage\":{\"@id\":\"https:\\\/\\\/www.savethedogs.eu\\\/en\\\/vaira-birthday-2025\\\/\"},\"wordCount\":1955,\"commentCount\":0,\"image\":{\"@id\":\"https:\\\/\\\/www.savethedogs.eu\\\/en\\\/vaira-birthday-2025\\\/#primaryimage\"},\"thumbnailUrl\":\"https:\\\/\\\/www.savethedogs.eu\\\/wp-content\\\/uploads\\\/2025\\\/06\\\/Vaira-Giugno-2025.png\",\"articleSection\":[\"News\"],\"inLanguage\":\"en-US\",\"potentialAction\":[{\"@type\":\"CommentAction\",\"name\":\"Comment\",\"target\":[\"https:\\\/\\\/www.savethedogs.eu\\\/en\\\/vaira-birthday-2025\\\/#respond\"]}]},{\"@type\":\"WebPage\",\"@id\":\"https:\\\/\\\/www.savethedogs.eu\\\/en\\\/vaira-birthday-2025\\\/\",\"url\":\"https:\\\/\\\/www.savethedogs.eu\\\/en\\\/vaira-birthday-2025\\\/\",\"name\":\"Angelo Vaira's birthday is transformed into a gift for animals\",\"isPartOf\":{\"@id\":\"https:\\\/\\\/www.savethedogs.eu\\\/#website\"},\"primaryImageOfPage\":{\"@id\":\"https:\\\/\\\/www.savethedogs.eu\\\/en\\\/vaira-birthday-2025\\\/#primaryimage\"},\"image\":{\"@id\":\"https:\\\/\\\/www.savethedogs.eu\\\/en\\\/vaira-birthday-2025\\\/#primaryimage\"},\"thumbnailUrl\":\"https:\\\/\\\/www.savethedogs.eu\\\/wp-content\\\/uploads\\\/2025\\\/06\\\/Vaira-Giugno-2025.png\",\"datePublished\":\"2025-06-27T14:14:33+00:00\",\"dateModified\":\"2025-06-27T14:14:42+00:00\",\"author\":{\"@id\":\"https:\\\/\\\/www.savethedogs.eu\\\/#\\\/schema\\\/person\\\/092403593f85ebb39af1bf663c143884\"},\"description\":\"Just like Angelo Vaira, you can also turn a special occasion into a moment of solidarity with animals in need...\",\"breadcrumb\":{\"@id\":\"https:\\\/\\\/www.savethedogs.eu\\\/en\\\/vaira-birthday-2025\\\/#breadcrumb\"},\"inLanguage\":\"en-US\",\"potentialAction\":[{\"@type\":\"ReadAction\",\"target\":[\"https:\\\/\\\/www.savethedogs.eu\\\/en\\\/vaira-birthday-2025\\\/\"]}]},{\"@type\":\"ImageObject\",\"inLanguage\":\"en-US\",\"@id\":\"https:\\\/\\\/www.savethedogs.eu\\\/en\\\/vaira-birthday-2025\\\/#primaryimage\",\"url\":\"https:\\\/\\\/www.savethedogs.eu\\\/wp-content\\\/uploads\\\/2025\\\/06\\\/Vaira-Giugno-2025.png\",\"contentUrl\":\"https:\\\/\\\/www.savethedogs.eu\\\/wp-content\\\/uploads\\\/2025\\\/06\\\/Vaira-Giugno-2025.png\",\"width\":300,\"height\":200},{\"@type\":\"BreadcrumbList\",\"@id\":\"https:\\\/\\\/www.savethedogs.eu\\\/en\\\/vaira-birthday-2025\\\/#breadcrumb\",\"itemListElement\":[{\"@type\":\"ListItem\",\"position\":1,\"name\":\"Home\",\"item\":\"https:\\\/\\\/www.savethedogs.eu\\\/en\\\/\"},{\"@type\":\"ListItem\",\"position\":2,\"name\":\"Angelo Vaira&#8217;s birthday is transformed into a gift for animals\"}]},{\"@type\":\"WebSite\",\"@id\":\"https:\\\/\\\/www.savethedogs.eu\\\/#website\",\"url\":\"https:\\\/\\\/www.savethedogs.eu\\\/\",\"name\":\"Save the Dogs and other Animals ETS\",\"description\":\"Save the Dogs ha come mission la prevenzione del randagismo e del sovrappopolamento canino e felino attraverso la sterilizzazione e la salvaguardia degli animali da compagnia.\",\"potentialAction\":[{\"@type\":\"SearchAction\",\"target\":{\"@type\":\"EntryPoint\",\"urlTemplate\":\"https:\\\/\\\/www.savethedogs.eu\\\/?s={search_term_string}\"},\"query-input\":{\"@type\":\"PropertyValueSpecification\",\"valueRequired\":true,\"valueName\":\"search_term_string\"}}],\"inLanguage\":\"en-US\"},{\"@type\":\"Person\",\"@id\":\"https:\\\/\\\/www.savethedogs.eu\\\/#\\\/schema\\\/person\\\/092403593f85ebb39af1bf663c143884\",\"name\":\"Paolo Boassa\",\"image\":{\"@type\":\"ImageObject\",\"inLanguage\":\"en-US\",\"@id\":\"https:\\\/\\\/secure.gravatar.com\\\/avatar\\\/2a9f3685a28ed3f04d59adef96dbf7917f99107fca0bfcad33d300088db6a1b6?s=96&d=mm&r=g\",\"url\":\"https:\\\/\\\/secure.gravatar.com\\\/avatar\\\/2a9f3685a28ed3f04d59adef96dbf7917f99107fca0bfcad33d300088db6a1b6?s=96&d=mm&r=g\",\"contentUrl\":\"https:\\\/\\\/secure.gravatar.com\\\/avatar\\\/2a9f3685a28ed3f04d59adef96dbf7917f99107fca0bfcad33d300088db6a1b6?s=96&d=mm&r=g\",\"caption\":\"Paolo Boassa\"},\"url\":\"https:\\\/\\\/www.savethedogs.eu\\\/en\\\/author\\\/paolo-boassa\\\/\"}]}<\/script>\n<!-- \/ Yoast SEO plugin. -->","yoast_head_json":{"title":"Angelo Vaira's birthday is transformed into a gift for animals","description":"Just like Angelo Vaira, you can also turn a special occasion into a moment of solidarity with animals in need...","robots":{"index":"index","follow":"follow","max-snippet":"max-snippet:-1","max-image-preview":"max-image-preview:large","max-video-preview":"max-video-preview:-1"},"canonical":"https:\/\/www.savethedogs.eu\/en\/vaira-birthday-2025\/","og_locale":"en_US","og_type":"article","og_title":"Angelo Vaira's birthday is transformed into a gift for animals","og_description":"Just like Angelo Vaira, you can also turn a special occasion into a moment of solidarity with animals in need...","og_url":"https:\/\/www.savethedogs.eu\/en\/vaira-birthday-2025\/","og_site_name":"Save the Dogs and other Animals ETS","article_publisher":"https:\/\/www.facebook.com\/SavetheDogsSTD?ref=bookmarks","article_published_time":"2025-06-27T14:14:33+00:00","article_modified_time":"2025-06-27T14:14:42+00:00","og_image":[{"width":300,"height":200,"url":"https:\/\/www.savethedogs.eu\/wp-content\/uploads\/2025\/06\/Vaira-Giugno-2025.png","type":"image\/png"}],"author":"Paolo Boassa","twitter_card":"summary_large_image","twitter_creator":"@SavetheDogsSTD","twitter_site":"@SavetheDogsSTD","twitter_misc":{"Written by":"Paolo Boassa","Est. reading time":"6 minutes"},"schema":{"@context":"https:\/\/schema.org","@graph":[{"@type":"Article","@id":"https:\/\/www.savethedogs.eu\/en\/vaira-birthday-2025\/#article","isPartOf":{"@id":"https:\/\/www.savethedogs.eu\/en\/vaira-birthday-2025\/"},"author":{"name":"Paolo Boassa","@id":"https:\/\/www.savethedogs.eu\/#\/schema\/person\/092403593f85ebb39af1bf663c143884"},"headline":"Angelo Vaira&#8217;s birthday is transformed into a gift for animals","datePublished":"2025-06-27T14:14:33+00:00","dateModified":"2025-06-27T14:14:42+00:00","mainEntityOfPage":{"@id":"https:\/\/www.savethedogs.eu\/en\/vaira-birthday-2025\/"},"wordCount":1955,"commentCount":0,"image":{"@id":"https:\/\/www.savethedogs.eu\/en\/vaira-birthday-2025\/#primaryimage"},"thumbnailUrl":"https:\/\/www.savethedogs.eu\/wp-content\/uploads\/2025\/06\/Vaira-Giugno-2025.png","articleSection":["News"],"inLanguage":"en-US","potentialAction":[{"@type":"CommentAction","name":"Comment","target":["https:\/\/www.savethedogs.eu\/en\/vaira-birthday-2025\/#respond"]}]},{"@type":"WebPage","@id":"https:\/\/www.savethedogs.eu\/en\/vaira-birthday-2025\/","url":"https:\/\/www.savethedogs.eu\/en\/vaira-birthday-2025\/","name":"Angelo Vaira's birthday is transformed into a gift for animals","isPartOf":{"@id":"https:\/\/www.savethedogs.eu\/#website"},"primaryImageOfPage":{"@id":"https:\/\/www.savethedogs.eu\/en\/vaira-birthday-2025\/#primaryimage"},"image":{"@id":"https:\/\/www.savethedogs.eu\/en\/vaira-birthday-2025\/#primaryimage"},"thumbnailUrl":"https:\/\/www.savethedogs.eu\/wp-content\/uploads\/2025\/06\/Vaira-Giugno-2025.png","datePublished":"2025-06-27T14:14:33+00:00","dateModified":"2025-06-27T14:14:42+00:00","author":{"@id":"https:\/\/www.savethedogs.eu\/#\/schema\/person\/092403593f85ebb39af1bf663c143884"},"description":"Just like Angelo Vaira, you can also turn a special occasion into a moment of solidarity with animals in need...","breadcrumb":{"@id":"https:\/\/www.savethedogs.eu\/en\/vaira-birthday-2025\/#breadcrumb"},"inLanguage":"en-US","potentialAction":[{"@type":"ReadAction","target":["https:\/\/www.savethedogs.eu\/en\/vaira-birthday-2025\/"]}]},{"@type":"ImageObject","inLanguage":"en-US","@id":"https:\/\/www.savethedogs.eu\/en\/vaira-birthday-2025\/#primaryimage","url":"https:\/\/www.savethedogs.eu\/wp-content\/uploads\/2025\/06\/Vaira-Giugno-2025.png","contentUrl":"https:\/\/www.savethedogs.eu\/wp-content\/uploads\/2025\/06\/Vaira-Giugno-2025.png","width":300,"height":200},{"@type":"BreadcrumbList","@id":"https:\/\/www.savethedogs.eu\/en\/vaira-birthday-2025\/#breadcrumb","itemListElement":[{"@type":"ListItem","position":1,"name":"Home","item":"https:\/\/www.savethedogs.eu\/en\/"},{"@type":"ListItem","position":2,"name":"Angelo Vaira&#8217;s birthday is transformed into a gift for animals"}]},{"@type":"WebSite","@id":"https:\/\/www.savethedogs.eu\/#website","url":"https:\/\/www.savethedogs.eu\/","name":"Save the Dogs and other Animals ETS","description":"Save the Dogs ha come mission la prevenzione del randagismo e del sovrappopolamento canino e felino attraverso la sterilizzazione e la salvaguardia degli animali da compagnia.","potentialAction":[{"@type":"SearchAction","target":{"@type":"EntryPoint","urlTemplate":"https:\/\/www.savethedogs.eu\/?s={search_term_string}"},"query-input":{"@type":"PropertyValueSpecification","valueRequired":true,"valueName":"search_term_string"}}],"inLanguage":"en-US"},{"@type":"Person","@id":"https:\/\/www.savethedogs.eu\/#\/schema\/person\/092403593f85ebb39af1bf663c143884","name":"Paolo Boassa","image":{"@type":"ImageObject","inLanguage":"en-US","@id":"https:\/\/secure.gravatar.com\/avatar\/2a9f3685a28ed3f04d59adef96dbf7917f99107fca0bfcad33d300088db6a1b6?s=96&d=mm&r=g","url":"https:\/\/secure.gravatar.com\/avatar\/2a9f3685a28ed3f04d59adef96dbf7917f99107fca0bfcad33d300088db6a1b6?s=96&d=mm&r=g","contentUrl":"https:\/\/secure.gravatar.com\/avatar\/2a9f3685a28ed3f04d59adef96dbf7917f99107fca0bfcad33d300088db6a1b6?s=96&d=mm&r=g","caption":"Paolo Boassa"},"url":"https:\/\/www.savethedogs.eu\/en\/author\/paolo-boassa\/"}]}},"_links":{"self":[{"href":"https:\/\/www.savethedogs.eu\/en\/wp-json\/wp\/v2\/posts\/987521755","targetHints":{"allow":["GET"]}}],"collection":[{"href":"https:\/\/www.savethedogs.eu\/en\/wp-json\/wp\/v2\/posts"}],"about":[{"href":"https:\/\/www.savethedogs.eu\/en\/wp-json\/wp\/v2\/types\/post"}],"author":[{"embeddable":true,"href":"https:\/\/www.savethedogs.eu\/en\/wp-json\/wp\/v2\/users\/57"}],"replies":[{"embeddable":true,"href":"https:\/\/www.savethedogs.eu\/en\/wp-json\/wp\/v2\/comments?post=987521755"}],"version-history":[{"count":3,"href":"https:\/\/www.savethedogs.eu\/en\/wp-json\/wp\/v2\/posts\/987521755\/revisions"}],"predecessor-version":[{"id":987521763,"href":"https:\/\/www.savethedogs.eu\/en\/wp-json\/wp\/v2\/posts\/987521755\/revisions\/987521763"}],"wp:featuredmedia":[{"embeddable":true,"href":"https:\/\/www.savethedogs.eu\/en\/wp-json\/wp\/v2\/media\/987521594"}],"wp:attachment":[{"href":"https:\/\/www.savethedogs.eu\/en\/wp-json\/wp\/v2\/media?parent=987521755"}],"wp:term":[{"taxonomy":"category","embeddable":true,"href":"https:\/\/www.savethedogs.eu\/en\/wp-json\/wp\/v2\/categories?post=987521755"},{"taxonomy":"post_tag","embeddable":true,"href":"https:\/\/www.savethedogs.eu\/en\/wp-json\/wp\/v2\/tags?post=987521755"}],"curies":[{"name":"wp","href":"https:\/\/api.w.org\/{rel}","templated":true}]}}